{"id":10154,"date":"2026-09-04T12:56:39","date_gmt":"2026-09-04T10:56:39","guid":{"rendered":"https:\/\/repubblika.org\/?p=10154"},"modified":"2026-09-04T12:57:43","modified_gmt":"2026-09-04T10:57:43","slug":"this-is-omerta","status":"publish","type":"post","link":"https:\/\/repubblika.org\/mt\/this-is-omerta\/","title":{"rendered":"DIN HIJA OMERTA'"},"content":{"rendered":"<p class=\"wp-block-paragraph\">Repubblika tikkundanna bl-aktar mod qawwi d-dikjarazzjonijiet tal-Ministru Malcolm Paul Agius Galea li llum issu\u0121\u0121erixxa li mhux \u010bar jekk Daphne Caruana Galizia nqatlitx min\u0127abba l-\u0127idma tag\u0127ha b\u0127ala \u0121urnalista.<\/p>\n\n\n\n<p class=\"wp-block-paragraph\">Din mhijiex opinjoni ta\u2019 kummentatur. Hija dikjarazzjoni ta\u2019 Ministru tal-Gvern ta\u2019 Malta. A\u0127na nirrifjutawha u nikkundannawha ming\u0127ajr ri\u017cervi.<\/p>\n\n\n\n<p class=\"wp-block-paragraph\">L-Inkjesta Pubblika indipendenti stabbiliet li l-provi kollha kienu jindikaw li l-assassinju ta\u2019 Daphne Caruana Galizia kien konsegwenza diretta tal-\u0127idma investigattiva tag\u0127ha dwar korruzzjoni, abbu\u017c ta\u2019 poter u r-rabta bejn il-politika u n-negozju.<\/p>\n\n\n\n<p class=\"wp-block-paragraph\">Ministru tal-Gvern ma jistax jippretendi li dawn il-fatti ma je\u017cistux.<\/p>\n\n\n\n<p class=\"wp-block-paragraph\">Ma nistg\u0127ux nibdew insolvu l-problemi enormi li g\u0127andu pajji\u017cna jekk il-Ministri li g\u0127andhom ir-responsabbilt\u00e0 li jindirizzawhom ji\u010b\u0127du li je\u017cistu.<\/p>\n\n\n\n<p class=\"wp-block-paragraph\">Din hi omert\u00e0. Din hi kompli\u010bit\u00e0 mal-kultura li tipprote\u0121i l-kriminalit\u00e0 organizzata. Dan hu li tag\u0127laq g\u0127ajnejk quddiem il-verit\u00e0 \u2014 litteralment quddiem g\u0127ajnejna.<\/p>\n\n\n\n<p class=\"wp-block-paragraph\">Meta Ministru ji\u010b\u0127ad fatti stabbiliti minn inkjesta pubblika tal-Istat stess dwar l-assassinju ta\u2019 \u0121urnalista, dan huwa g\u0127ajb g\u0127al pajji\u017c demokratiku.<\/p>\n\n\n\n<p class=\"wp-block-paragraph\">Nipprotestaw kontra dawn id-dikjarazzjonijiet bl-aktar mod qawwi.<\/p>\n\n\n\n<p class=\"wp-block-paragraph\">Il-Gvern g\u0127andu jirtirahom minnufih u jafferma ming\u0127ajr ambigwit\u00e0 dak li l-Istat Malti di\u0121\u00e0 \u0121ie obbligat jirrikonoxxi: Daphne Caruana Galizia kienet \u0121urnalista assassinata min\u0127abba xog\u0127olha.<\/p>","protected":false},"excerpt":{"rendered":"<p>Repubblika condemns in the strongest possible terms the statements by Minister Malcolm Paul Agius Galea, who today suggested that it is unclear whether Daphne Caruana Galizia was killed because of her work as a journalist. This is not the opinion of a commentator. This is a statement by a minister of the Government of Malta. [&hellip;]<\/p>\n","protected":false},"author":8,"featured_media":10155,"comment_status":"closed","ping_status":"open","sticky":false,"template":"","format":"standard","meta":{"site-sidebar-layout":"default","site-content-layout":"","ast-site-content-layout":"default","site-content-style":"default","site-sidebar-style":"default","ast-global-header-display":"","ast-banner-title-visibility":"","ast-main-header-display":"","ast-hfb-above-header-display":"","ast-hfb-below-header-display":"","ast-hfb-mobile-header-display":"","site-post-title":"","ast-breadcrumbs-content":"","ast-featured-img":"","footer-sml-layout":"","ast-disable-related-posts":"","theme-transparent-header-meta":"","adv-header-id-meta":"","stick-header-meta":"","header-above-stick-meta":"","header-main-stick-meta":"","header-below-stick-meta":"","astra-migrate-meta-layouts":"set","ast-page-background-enabled":"default","ast-page-background-meta":{"desktop":{"background-color":"","background-image":"","background-repeat":"repeat","background-position":"center center","background-size":"auto","background-attachment":"scroll","background-type":"","background-media":"","overlay-type":"","overlay-color":"","overlay-opacity":"","overlay-gradient":""},"tablet":{"background-color":"","background-image":"","background-repeat":"repeat","background-position":"center center","background-size":"auto","background-attachment":"scroll","background-type":"","background-media":"","overlay-type":"","overlay-color":"","overlay-opacity":"","overlay-gradient":""},"mobile":{"background-color":"","background-image":"","background-repeat":"repeat","background-position":"center center","background-size":"auto","background-attachment":"scroll","background-type":"","background-media":"","overlay-type":"","overlay-color":"","overlay-opacity":"","overlay-gradient":""}},"ast-content-background-meta":{"desktop":{"background-color":"var(--ast-global-color-5)","background-image":"","background-repeat":"repeat","background-position":"center center","background-size":"auto","background-attachment":"scroll","background-type":"","background-media":"","overlay-type":"","overlay-color":"","overlay-opacity":"","overlay-gradient":""},"tablet":{"background-color":"var(--ast-global-color-5)","background-image":"","background-repeat":"repeat","background-position":"center center","background-size":"auto","background-attachment":"scroll","background-type":"","background-media":"","overlay-type":"","overlay-color":"","overlay-opacity":"","overlay-gradient":""},"mobile":{"background-color":"var(--ast-global-color-5)","background-image":"","background-repeat":"repeat","background-position":"center center","background-size":"auto","background-attachment":"scroll","background-type":"","background-media":"","overlay-type":"","overlay-color":"","overlay-opacity":"","overlay-gradient":""}},"footnotes":""},"categories":[17,61],"tags":[],"class_list":["post-10154","post","type-post","status-publish","format-standard","has-post-thumbnail","hentry","category-pr","category-pr-48-2026"],"_links":{"self":[{"href":"https:\/\/repubblika.org\/mt\/wp-json\/wp\/v2\/posts\/10154","targetHints":{"allow":["GET"]}}],"collection":[{"href":"https:\/\/repubblika.org\/mt\/wp-json\/wp\/v2\/posts"}],"about":[{"href":"https:\/\/repubblika.org\/mt\/wp-json\/wp\/v2\/types\/post"}],"author":[{"embeddable":true,"href":"https:\/\/repubblika.org\/mt\/wp-json\/wp\/v2\/users\/8"}],"replies":[{"embeddable":true,"href":"https:\/\/repubblika.org\/mt\/wp-json\/wp\/v2\/comments?post=10154"}],"version-history":[{"count":1,"href":"https:\/\/repubblika.org\/mt\/wp-json\/wp\/v2\/posts\/10154\/revisions"}],"predecessor-version":[{"id":10156,"href":"https:\/\/repubblika.org\/mt\/wp-json\/wp\/v2\/posts\/10154\/revisions\/10156"}],"wp:featuredmedia":[{"embeddable":true,"href":"https:\/\/repubblika.org\/mt\/wp-json\/wp\/v2\/media\/10155"}],"wp:attachment":[{"href":"https:\/\/repubblika.org\/mt\/wp-json\/wp\/v2\/media?parent=10154"}],"wp:term":[{"taxonomy":"category","embeddable":true,"href":"https:\/\/repubblika.org\/mt\/wp-json\/wp\/v2\/categories?post=10154"},{"taxonomy":"post_tag","embeddable":true,"href":"https:\/\/repubblika.org\/mt\/wp-json\/wp\/v2\/tags?post=10154"}],"curies":[{"name":"wp","href":"https:\/\/api.w.org\/{rel}","templated":true}]}}