{"id":10152,"date":"2026-09-04T12:10:40","date_gmt":"2026-09-04T10:10:40","guid":{"rendered":"https:\/\/repubblika.org\/?p=10152"},"modified":"2026-09-04T12:10:40","modified_gmt":"2026-09-04T10:10:40","slug":"prime-minister-if-you-are-going-to-cite-repubblika-cite-us-properly","status":"publish","type":"post","link":"https:\/\/repubblika.org\/mt\/prime-minister-if-you-are-going-to-cite-repubblika-cite-us-properly\/","title":{"rendered":"PRIM MINISTRU, JEKK SE TIKKWOTA LIL REPUBBLIKA, IKKWOTANA SEW"},"content":{"rendered":"<p class=\"wp-block-paragraph\">Nammettu li \u0127adnieha b\u0127ala kumpliment. Wara snin li fihom Robert Abela injora lil Repubblika, irrifjuta li jiltaqa\u2019 mag\u0127na u ttratta lis-so\u010bjet\u00e0 \u010bivili indipendenti b\u2019disprezz, il-Prim Ministru f\u2019daqqa wa\u0127da skopra li Repubblika hi awtorit\u00e0 li ta\u2019 min jikkwotaha. Nilqg\u0127u din il-bidla kieku jikkwotana b\u2019onest\u00e0.<\/p>\n\n\n\n<p class=\"wp-block-paragraph\">Il-Prim Ministru kkwota d-dikjarazzjonijiet tag\u0127na wara li Yorgen Fenech in\u0127eles mill-akku\u017ci b\u0127ala prova li l-istituzzjonijiet ta\u2019 Malta \u0127admu kif suppost. Dan mhux dak li g\u0127edna. U mhux dak li nemmnu.<\/p>\n\n\n\n<p class=\"wp-block-paragraph\">G\u0127alhekk, ladarba l-Prim Ministru g\u0127a\u017cel li jikkwota lil Repubblika, nistednuh ikompli. A\u0127na nirrispettaw lill-prosekuturi li ressqu ka\u017c straordinarjament diffi\u010bli, lill-investigaturi li \u0127admu b\u2019kuxjenza biex jikxfu l-verit\u00e0, u lill-im\u0127allef li ppresediet \u0121uri twil u e\u010b\u010bezzjonalment kumpless. Nirrispettaw l-awtorit\u00e0 kostituzzjonali tal-\u0121urija u l-effett legali tal-verdett tag\u0127ha.<\/p>\n\n\n\n<p class=\"wp-block-paragraph\">Xejn minn dan ma jbiddel il-konvinzjoni tag\u0127na, ibba\u017cata fuq il-provi li smajna, li Yorgen Fenech ikkummissjona l-assassinju ta\u2019 Daphne Caruana Galizia.<\/p>\n\n\n\n<p class=\"wp-block-paragraph\">\u0120urnalista nqatlet min\u0127abba xog\u0127olha. Dawk li wettqu l-qtil ammettew ir-responsabbilt\u00e0 tag\u0127hom jew instabu \u0127atja. Ir-ra\u0121el li a\u0127na nibqg\u0127u konvinti li kkummissjona dak il-qtil \u0127are\u0121 \u0127ieles. Hawnhekk m\u2019hemm xejn li l-gvern jista\u2019 jifra\u0127 bih.<\/p>\n\n\n\n<p class=\"wp-block-paragraph\">Ir-rispett lejn ix-xog\u0127ol tal-prosekuturi, tal-investigaturi u tal-\u0121udikatura ma jfissirx li napprovaw is-sistema li fiha kellhom ja\u0127dmu.<\/p>\n\n\n\n<p class=\"wp-block-paragraph\">Il-\u0121uri kixef investigazzjoni ta\u2019 kwalit\u00e0 inkonsistenti g\u0127all-a\u0127\u0127ar. Kixef relazzjonijiet inkwetanti bejn il-poter politiku, il-poter ekonomiku u persuni fdati bl-infurzar tal-li\u0121i. Smajna provi dwar tnixxijiet u nd\u0127il, nuqqasijiet fil-\u0121bir u l-\u0127arsien tal-provi, u m\u0121iba li tqajjem mistoqsijiet serji dwar jekk persuni b\u2019sa\u0127\u0127ithom kinux protetti meta messhom kienu investigati. Dawn il-problemi ma fe\u0121\u0121ewx din il-\u0121img\u0127a.<\/p>\n\n\n\n<p class=\"wp-block-paragraph\">\u0126ames snin ilu, l-Inkjesta Pubblika sabet lill-Istat responsabbli g\u0127all-\u0127olqien ta\u2019 klima ta\u2019 impunit\u00e0 li ffa\u010bilitat il-qtil ta\u2019 Daphne. Robert Abela ilu Prim Ministru tul dawn il-\u0127ames snin. Il-gvern tieg\u0127u g\u0127adu ma implimentax ir-rakkomandazzjonijiet kollha tal-Inkjesta.<\/p>\n\n\n\n<p class=\"wp-block-paragraph\">Repubblika talbitu kemm-il darba biex ja\u0121ixxi. Ipproponejna li nu\u017caw il-pro\u010bess tal-Gvern Miftu\u0127 biex ji\u0121u implimentati r-rakkomandazzjonijiet pendenti. Il-gvern tieg\u0127u abbanduna dak il-pro\u010bess u injora l-appelli tag\u0127na. Il-Kummissjoni Ewropea, il-GRECO, l-OSCE\/ODIHR u o\u0127rajn ripetutament talbu riformi li g\u0127adhom imdewma, imdg\u0127ajfa jew injorati.<\/p>\n\n\n\n<p class=\"wp-block-paragraph\">Jekk Robert Abela ja\u0127seb li l-fehmiet ta\u2019 Repubblika jist\u0127oqqilhom ji\u0121u kkwotati, hawn o\u0127rajn li jista\u2019 jikkwota.<\/p>\n\n\n\n<p class=\"wp-block-paragraph\">Il-gvern g\u0127andu issa:<\/p>\n\n\n\n<ul class=\"wp-block-list\">\n<li>\u2022\u2060  \u2060Jimplimenta r-rakkomandazzjonijiet kollha tal-Inkjesta Pubblika, b\u2019kalendarju ppubblikat u monitora\u0121\u0121 trasparenti.<\/li>\n\n\n\n<li>\u2022\u2060  \u2060Jiggarantixxi pulizija u prosekuzzjoni \u0121enwinament indipendenti, protetti minn ind\u0127il politiku u minn qrubija perikolu\u017ca lejn il-poter politiku u ekonomiku.<\/li>\n\n\n\n<li>\u2022\u2060  \u2060Jinvestiga dak li kixef dan il-\u0121uri, fosthom il-provi ta\u2019 leaks, ind\u0127il, nuqqasijiet fil-\u0121bir jew il-\u0127arsien tal-provi u xkiel possibbli minn uffi\u010bjali pubbli\u010bi jew membri tal-Pulizija.<\/li>\n\n\n\n<li>\u2022\u2060  \u2060Jinvestiga u jressaq il-Qorti dwar il-korruzzjoni li kienet qed tinvestiga Daphne. L-assassinju tag\u0127ha ma jistax jinfired mill-korruzzjoni u mir-relazzjonijiet politi\u010bi u kummer\u010bjali li kienet qed tikxef.<\/li>\n\n\n\n<li>\u2022\u2060  \u2060Jintrodu\u010bi li\u0121ijiet effettivi kontra l-mafja u kontra t-tfixkil tal-\u0121ustizzja, biex il-pajji\u017c ikun jista\u2019 jikkonfronta l-kriminalit\u00e0 organizzata u interessi kriminali b\u2019sa\u0127\u0127ithom.<\/li>\n\n\n\n<li>\u2022\u2060  \u2060Ilesti r-riformi g\u0127all-\u0127arsien tal-\u0121urnalisti u tal-\u0121urnali\u017cmu mitluba mill-Inkjesta Pubblika u mill-istituzzjonijiet internazzjonali.<\/li>\n\n\n\n<li>\u2022\u2060  \u2060Jer\u0121a\u2019 jistabbilixxi djalogu \u0121enwin mas-so\u010bjet\u00e0 \u010bivili indipendenti u ja\u0127dem mag\u0127na biex jitwettqu r-riformi tas-saltna tad-dritt li Malta ilha wisq tipposponi.<\/li>\n<\/ul>\n\n\n\n<p class=\"wp-block-paragraph\">Robert Abela ma qatilx lil Daphne Caruana Galizia. Ma mexxiex din l-investigazzjoni, ma kienx il-prosekutur li ffa\u010b\u010bja lil Yorgen Fenech u ma tax il-verdett tal-\u0121urija. Imma hu l-Prim Ministru li kellu \u0127ames snin minn meta Inkjesta Pubblika qalet lil Malta x\u2019mar \u0127a\u017cin u x\u2019kellu jinbidel.<\/p>\n\n\n\n<p class=\"wp-block-paragraph\">Kull rakkomandazzjoni li t\u0127alliet ti\u0121ma\u2019 t-trab hija responsabbilt\u00e0 politika tieg\u0127u. Kull twissija internazzjonali li \u0121iet injorata hija responsabbilt\u00e0 politika tieg\u0127u. Kull riforma li \u0121iet posposta hija responsabbilt\u00e0 politika tieg\u0127u. U kull \u0121urnata o\u0127ra li dawn in-nuqqasijiet jit\u0127allew jippersistu \u017c\u017cid ma\u2019 dik ir-responsabbilt\u00e0.<\/p>\n\n\n\n<p class=\"wp-block-paragraph\">Malta mhix se to\u0127ro\u0121 minn din il-kri\u017ci billi l-Prim Ministru jikkongratula lilu nnifsu. Je\u0127tie\u0121 tmexxija, umilt\u00e0 u riforma.<\/p>\n\n\n\n<p class=\"wp-block-paragraph\">Il-Prim Ministru fl-a\u0127\u0127ar idde\u010bieda li jikkwota lil Repubblika. Nittamaw li issa jibda jisma\u2019 dak li fil-fatt qed ng\u0127idu.<\/p>\n\n\n\n<p class=\"wp-block-paragraph\">04.09.2026<\/p>","protected":false},"excerpt":{"rendered":"<p>We admit we took it as a compliment. After years in which Robert Abela ignored Repubblika, refused to meet us and treated independent civil society with contempt, the Prime Minister has suddenly discovered that Repubblika is an authority worth citing. We would welcome this change if he cited us honestly. The Prime Minister cited our [&hellip;]<\/p>\n","protected":false},"author":8,"featured_media":4118,"comment_status":"closed","ping_status":"open","sticky":false,"template":"","format":"standard","meta":{"site-sidebar-layout":"default","site-content-layout":"","ast-site-content-layout":"default","site-content-style":"default","site-sidebar-style":"default","ast-global-header-display":"","ast-banner-title-visibility":"","ast-main-header-display":"","ast-hfb-above-header-display":"","ast-hfb-below-header-display":"","ast-hfb-mobile-header-display":"","site-post-title":"","ast-breadcrumbs-content":"","ast-featured-img":"","footer-sml-layout":"","ast-disable-related-posts":"","theme-transparent-header-meta":"","adv-header-id-meta":"","stick-header-meta":"","header-above-stick-meta":"","header-main-stick-meta":"","header-below-stick-meta":"","astra-migrate-meta-layouts":"set","ast-page-background-enabled":"default","ast-page-background-meta":{"desktop":{"background-color":"","background-image":"","background-repeat":"repeat","background-position":"center center","background-size":"auto","background-attachment":"scroll","background-type":"","background-media":"","overlay-type":"","overlay-color":"","overlay-opacity":"","overlay-gradient":""},"tablet":{"background-color":"","background-image":"","background-repeat":"repeat","background-position":"center center","background-size":"auto","background-attachment":"scroll","background-type":"","background-media":"","overlay-type":"","overlay-color":"","overlay-opacity":"","overlay-gradient":""},"mobile":{"background-color":"","background-image":"","background-repeat":"repeat","background-position":"center center","background-size":"auto","background-attachment":"scroll","background-type":"","background-media":"","overlay-type":"","overlay-color":"","overlay-opacity":"","overlay-gradient":""}},"ast-content-background-meta":{"desktop":{"background-color":"var(--ast-global-color-5)","background-image":"","background-repeat":"repeat","background-position":"center center","background-size":"auto","background-attachment":"scroll","background-type":"","background-media":"","overlay-type":"","overlay-color":"","overlay-opacity":"","overlay-gradient":""},"tablet":{"background-color":"var(--ast-global-color-5)","background-image":"","background-repeat":"repeat","background-position":"center center","background-size":"auto","background-attachment":"scroll","background-type":"","background-media":"","overlay-type":"","overlay-color":"","overlay-opacity":"","overlay-gradient":""},"mobile":{"background-color":"var(--ast-global-color-5)","background-image":"","background-repeat":"repeat","background-position":"center center","background-size":"auto","background-attachment":"scroll","background-type":"","background-media":"","overlay-type":"","overlay-color":"","overlay-opacity":"","overlay-gradient":""}},"footnotes":""},"categories":[17,60],"tags":[],"class_list":["post-10152","post","type-post","status-publish","format-standard","has-post-thumbnail","hentry","category-pr","category-pr-47-2026-pr"],"_links":{"self":[{"href":"https:\/\/repubblika.org\/mt\/wp-json\/wp\/v2\/posts\/10152","targetHints":{"allow":["GET"]}}],"collection":[{"href":"https:\/\/repubblika.org\/mt\/wp-json\/wp\/v2\/posts"}],"about":[{"href":"https:\/\/repubblika.org\/mt\/wp-json\/wp\/v2\/types\/post"}],"author":[{"embeddable":true,"href":"https:\/\/repubblika.org\/mt\/wp-json\/wp\/v2\/users\/8"}],"replies":[{"embeddable":true,"href":"https:\/\/repubblika.org\/mt\/wp-json\/wp\/v2\/comments?post=10152"}],"version-history":[{"count":1,"href":"https:\/\/repubblika.org\/mt\/wp-json\/wp\/v2\/posts\/10152\/revisions"}],"predecessor-version":[{"id":10153,"href":"https:\/\/repubblika.org\/mt\/wp-json\/wp\/v2\/posts\/10152\/revisions\/10153"}],"wp:featuredmedia":[{"embeddable":true,"href":"https:\/\/repubblika.org\/mt\/wp-json\/wp\/v2\/media\/4118"}],"wp:attachment":[{"href":"https:\/\/repubblika.org\/mt\/wp-json\/wp\/v2\/media?parent=10152"}],"wp:term":[{"taxonomy":"category","embeddable":true,"href":"https:\/\/repubblika.org\/mt\/wp-json\/wp\/v2\/categories?post=10152"},{"taxonomy":"post_tag","embeddable":true,"href":"https:\/\/repubblika.org\/mt\/wp-json\/wp\/v2\/tags?post=10152"}],"curies":[{"name":"wp","href":"https:\/\/api.w.org\/{rel}","templated":true}]}}