{
    "id": 8425,
    "date": "2020-07-07T18:18:03",
    "date_gmt": "2020-07-07T16:18:03",
    "guid": {
        "rendered": "https:\/\/repubblika.org\/?st-import=1dc9403a4786997bb459230bfce87912"
    },
    "modified": "2026-08-25T16:47:49",
    "modified_gmt": "2026-08-25T14:47:49",
    "slug": "stqarrija-pr-76-2020",
    "status": "publish",
    "type": "post",
    "link": "https:\/\/repubblika.org\/en\/stqarrija-pr-76-2020\/",
    "title": {
        "rendered": "Stqarrija PR 76\/2020"
    },
    "content": {
        "rendered": "<p class=\"wp-block-paragraph\">Il-Prim Ministru Robert Abela ma jistax jibqa\u2019 jtawwal i\u017cjed.<\/p>\n\n\n\n<p class=\"wp-block-paragraph\">Nistennew li Robert Abela jrabbi l-kura\u0121\u0121 u jiddikjara null u ming\u0127ajr effett il-ftehim ma\u0127mu\u0121 li ta tliet sptarijiet tal-poplu lil nies li g\u0127andna nafu lanqas kollha min huma.<\/p>\n\n\n\n<p class=\"wp-block-paragraph\">Nistennew li Robert Abela jordna lil Joseph Muscat biex jag\u0127ti l-informazzjoni s\u0127i\u0127a tal-\u0127mie\u0121 f\u2019dan il-kuntratt li hu u sie\u0127bu Konrad Mizzi u o\u0127rajn \u0127admu flimkien.<\/p>\n\n\n\n<p class=\"wp-block-paragraph\">Nistennew li Robert Abela ig\u0127addi l-informazzjoni kollha lill-inkjesta ma\u0121isterjali li qed issir dwar Konrad Mizzi, Chris Cardona u Edward Scicluna u s-sehem tag\u0127hom f\u2019din il-kon\u010bessjoni ma\u0127mu\u0121a wara li Repubblika.<\/p>\n\n\n\n<p class=\"wp-block-paragraph\">Repubblika tqis ir-rapport tal-Awditur \u0120enerali b\u0127ala wie\u0127ed xokkanti.<\/p>\n\n\n\n<p class=\"wp-block-paragraph\">Fost l-o\u0127rajn, l-Awditur \u0120enerali sab li l-Gvern ma\u0127mu\u0121 ta\u2019 Joseph Muscat g\u0127adda tilet sptarijiet li kienu tag\u0127na lkoll<\/p>\n\n\n\n<ul class=\"wp-block-list\"><li>ming\u0127ajr \u0127add ma jassumi r-responsabbilit\u00e0 tad-de\u010bi\u017cjoni;<\/li><li>ming\u0127ajr anali\u017ci indipendenti;<\/li><li>f\u2019sitwazzjoni ta\u2019 kollu\u017cjoni bejn min \u0127a l-kuntratt u l-Gvern jew rappre\u017centanti tal-Gvern.<\/li><\/ul>\n\n\n\n<p class=\"wp-block-paragraph\">Il-Prim Ministru Robert Abela g\u0127andu r-reponsabbilit\u00e0 li jwaqqaf dan it-tradiment tal-poplu Malti. Huwa g\u0127andu wkoll ji\u017cgura li il-ma\u0127mu\u0121in kollha, inklu\u017c kumpaniji Maltin tal-\u0127bieb tal-\u0127bieb li stag\u0127new minn dan il-\u0127mie\u0121, iroddu lura dak li \u0127adu ming\u0127ad il-poplu u j\u0127allsu ta\u2019 g\u0127emilhom.<\/p>",
        "protected": false
    },
    "excerpt": {
        "rendered": "<p>Il-Prim Ministru Robert Abela ma jistax jibqa\u2019 jtawwal i\u017cjed. Nistennew li Robert Abela jrabbi l-kura\u0121\u0121 u jiddikjara null u ming\u0127ajr effett il-ftehim ma\u0127mu\u0121 li ta tliet sptarijiet tal-poplu lil nies li g\u0127andna nafu lanqas kollha min huma. Nistennew li Robert Abela jordna lil Joseph Muscat biex jag\u0127ti l-informazzjoni s\u0127i\u0127a tal-\u0127mie\u0121 f\u2019dan il-kuntratt li hu u [&hellip;]<\/p>",
        "protected": false
    },
    "author": 1,
    "featured_media": 2067,
    "comment_status": "closed",
    "ping_status": "closed",
    "sticky": false,
    "template": "",
    "format": "standard",
    "meta": {
        "site-sidebar-layout": "default",
        "site-content-layout": "",
        "ast-site-content-layout": "default",
        "site-content-style": "default",
        "site-sidebar-style": "default",
        "ast-global-header-display": "",
        "ast-banner-title-visibility": "",
        "ast-main-header-display": "",
        "ast-hfb-above-header-display": "",
        "ast-hfb-below-header-display": "",
        "ast-hfb-mobile-header-display": "",
        "site-post-title": "",
        "ast-breadcrumbs-content": "",
        "ast-featured-img": "",
        "footer-sml-layout": "",
        "ast-disable-related-posts": "",
        "theme-transparent-header-meta": "",
        "adv-header-id-meta": "",
        "stick-header-meta": "",
        "header-above-stick-meta": "",
        "header-main-stick-meta": "",
        "header-below-stick-meta": "",
        "astra-migrate-meta-layouts": "default",
        "ast-page-background-enabled": "default",
        "ast-page-background-meta": {
            "desktop": {
                "background-color": "",
                "background-image": "",
                "background-repeat": "repeat",
                "background-position": "center center",
                "background-size": "auto",
                "background-attachment": "scroll",
                "background-type": "",
                "background-media": "",
                "overlay-type": "",
                "overlay-color": "",
                "overlay-opacity": "",
                "overlay-gradient": ""
            },
            "tablet": {
                "background-color": "",
                "background-image": "",
                "background-repeat": "repeat",
                "background-position": "center center",
                "background-size": "auto",
                "background-attachment": "scroll",
                "background-type": "",
                "background-media": "",
                "overlay-type": "",
                "overlay-color": "",
                "overlay-opacity": "",
                "overlay-gradient": ""
            },
            "mobile": {
                "background-color": "",
                "background-image": "",
                "background-repeat": "repeat",
                "background-position": "center center",
                "background-size": "auto",
                "background-attachment": "scroll",
                "background-type": "",
                "background-media": "",
                "overlay-type": "",
                "overlay-color": "",
                "overlay-opacity": "",
                "overlay-gradient": ""
            }
        },
        "ast-content-background-meta": {
            "desktop": {
                "background-color": "var(--ast-global-color-5)",
                "background-image": "",
                "background-repeat": "repeat",
                "background-position": "center center",
                "background-size": "auto",
                "background-attachment": "scroll",
                "background-type": "",
                "background-media": "",
                "overlay-type": "",
                "overlay-color": "",
                "overlay-opacity": "",
                "overlay-gradient": ""
            },
            "tablet": {
                "background-color": "var(--ast-global-color-5)",
                "background-image": "",
                "background-repeat": "repeat",
                "background-position": "center center",
                "background-size": "auto",
                "background-attachment": "scroll",
                "background-type": "",
                "background-media": "",
                "overlay-type": "",
                "overlay-color": "",
                "overlay-opacity": "",
                "overlay-gradient": ""
            },
            "mobile": {
                "background-color": "var(--ast-global-color-5)",
                "background-image": "",
                "background-repeat": "repeat",
                "background-position": "center center",
                "background-size": "auto",
                "background-attachment": "scroll",
                "background-type": "",
                "background-media": "",
                "overlay-type": "",
                "overlay-color": "",
                "overlay-opacity": "",
                "overlay-gradient": ""
            }
        },
        "footnotes": ""
    },
    "categories": [
        17
    ],
    "tags": [],
    "class_list": [
        "post-8425",
        "post",
        "type-post",
        "status-publish",
        "format-standard",
        "has-post-thumbnail",
        "hentry",
        "category-pr"
    ],
    "_links": {
        "self": [
            {
                "href": "https:\/\/repubblika.org\/en\/wp-json\/wp\/v2\/posts\/8425",
                "targetHints": {
                    "allow": [
                        "GET"
                    ]
                }
            }
        ],
        "collection": [
            {
                "href": "https:\/\/repubblika.org\/en\/wp-json\/wp\/v2\/posts"
            }
        ],
        "about": [
            {
                "href": "https:\/\/repubblika.org\/en\/wp-json\/wp\/v2\/types\/post"
            }
        ],
        "author": [
            {
                "embeddable": true,
                "href": "https:\/\/repubblika.org\/en\/wp-json\/wp\/v2\/users\/1"
            }
        ],
        "replies": [
            {
                "embeddable": true,
                "href": "https:\/\/repubblika.org\/en\/wp-json\/wp\/v2\/comments?post=8425"
            }
        ],
        "version-history": [
            {
                "count": 1,
                "href": "https:\/\/repubblika.org\/en\/wp-json\/wp\/v2\/posts\/8425\/revisions"
            }
        ],
        "predecessor-version": [
            {
                "id": 9349,
                "href": "https:\/\/repubblika.org\/en\/wp-json\/wp\/v2\/posts\/8425\/revisions\/9349"
            }
        ],
        "wp:attachment": [
            {
                "href": "https:\/\/repubblika.org\/en\/wp-json\/wp\/v2\/media?parent=8425"
            }
        ],
        "wp:term": [
            {
                "taxonomy": "category",
                "embeddable": true,
                "href": "https:\/\/repubblika.org\/en\/wp-json\/wp\/v2\/categories?post=8425"
            },
            {
                "taxonomy": "post_tag",
                "embeddable": true,
                "href": "https:\/\/repubblika.org\/en\/wp-json\/wp\/v2\/tags?post=8425"
            }
        ],
        "curies": [
            {
                "name": "wp",
                "href": "https:\/\/api.w.org\/{rel}",
                "templated": true
            }
        ]
    }
}