{
    "id": 8205,
    "date": "2024-03-28T11:48:44",
    "date_gmt": "2024-03-28T10:48:44",
    "guid": {
        "rendered": "https:\/\/repubblika.org\/?st-import=4f84fcfc279bbb8ccc8ef653f1b98a03"
    },
    "modified": "2024-03-28T11:48:44",
    "modified_gmt": "2024-03-28T10:48:44",
    "slug": "repubblika-involuta-fi-progett-kbir-tal-ue-bi-shab-ma-tliet-organizzazzjonijiet-ewropej",
    "status": "publish",
    "type": "post",
    "link": "https:\/\/repubblika.org\/en\/repubblika-involuta-fi-progett-kbir-tal-ue-bi-shab-ma-tliet-organizzazzjonijiet-ewropej\/",
    "title": {
        "rendered": "Repubblika Involuta fi Pro\u0121ett Kbir tal-UE bi s\u0127ab ma\\&#8217; Tliet Organizzazzjonijiet Ewropej"
    },
    "content": {
        "rendered": "<p class=\"wp-block-paragraph\">Repubblika qed tie\u0127u sehem fl-akbar pro\u0121ett tag\u0127ha ffinanzjat mill-UE s\\&#8217;issa, billi tag\u0127ti kontribut \u0121did g\u0127all-missjoni tag\u0127ha li \u017c\u017comm lill-gvern responsabbli u ssa\u0127\u0127a\u0127 l-istat tad-dritt.<\/p>\n\n\n\n<p class=\"wp-block-paragraph\">A\u0127na wa\u0127da minn erba\\&#8217; organizzazzjonijiet s\u0127ab Ewropej involuti fil-pro\u0121ett ta\\&#8217; sentejn u \u20ac200,000 li jesplora l-mod kif l-organizzazzjonijiet tas-so\u010bjet\u00e0 \u010bivili jistg\u0127u jsa\u0127\u0127u l-\u0127idma tal-\u0121urnali\u017cmu investigattiv.<\/p>\n\n\n\n<p class=\"wp-block-paragraph\">Il-pro\u0121ett, li beda f\u2019Di\u010bembru, jissejja\u0127 SINFO, qasira g\u0127al Sustainable Information. L-g\u0127an tieg\u0127u huwa li jibni netwerk sostenibbli ta\u2019 \u0121urnalisti u attivisti indipendenti lesti biex japprofondixxu l-kollaborazzjoni tag\u0127hom fil-\u0121lieda kontra l-korruzzjoni, fil-promozzjoni tal-\u0121ustizzja so\u010bjali u l-protezzjoni tal-ambjent.<\/p>\n\n\n\n<p class=\"wp-block-paragraph\">B\u2019kollox 22 \u0121urnalist indipendenti minn Malta, u 10 organizzazzjonijiet tas-so\u010bjet\u00e0 \u010bivili Maltin, iffirmaw biex jiffurmaw parti min-netwerk ta\u2019 erba\u2019 pajji\u017ci u jipparte\u010bipaw f\u2019xi w\u0127ud mill-attivitajiet tal-pro\u0121ett.<\/p>\n\n\n\n<p class=\"wp-block-paragraph\">SINFO ji\u0121bor flimkien organizzazzjonijiet tas-so\u010bjet\u00e0 \u010bivili u tal-\u0121urnali\u017cmu minn erba\u2019 pajji\u017ci Ewropej \u2013 Malta, l-Italja, ir-Rumanija u l-Bel\u0121ju. L-imsie\u0127ba huma Repubblika (Malta), Tele Radio City (Italja), Asociatia Jurnalistilor De Investigatii Context (Rumanija) u Sustainable Communication Aisbl (Bel\u0121ju).<\/p>\n\n\n\n<p class=\"wp-block-paragraph\">L-imsie\u0127ba tal-pro\u0121ett huma motivati mill-valuri tad-demokrazija u l-libert\u00e0 tal-informazzjoni, id-drittijiet so\u010bjali, il-governanza tajba u s-sostenibbilt\u00e0 ambjentali.<\/p>\n\n\n\n<p class=\"wp-block-paragraph\">Il-President tar-Repubblika Vicki Ann Cremona qalet: \u201cRepubblika taqsam il-vi\u017cjoni tal-imsie\u0127ba tag\u0127na f\u2019dan il-pro\u0121ett li jlaqqa\u2019 flimkien \u0121urnalisti indipendenti u attivisti tas-so\u010bjet\u00e0 \u010bivili biex ja\u0127dmu lejn l-g\u0127anijiet komuni tag\u0127hom li ji\u0121\u0121ieldu l-korruzzjoni, ji\u017cguraw il-\u0121ustizzja so\u010bjali, u jissalvagwardjaw l-istat tad-dritt. SINFO hija opportunit\u00e0 importanti biex jintla\u0127qu dawn l-g\u0127anijiet.\u201d<\/p>\n\n\n\n<p class=\"wp-block-paragraph\">Wa\u0127da mill-attivitajiet ewlenin fil-kotra li jiffurmaw parti mis-SINFO fuq sentejn hija l-g\u0127oti ta\u2019 ta\u0127ri\u0121 espert u <em>mentoring <\/em>kemm lill-\u0121urnalisti kif ukoll lill-attivisti fi \u0127dan in-netwerk, immirati biex itejbu l-\u0127iliet tag\u0127hom ta\u2019 rappurtar investigattiv u jg\u0127inuhom ja\u0127dmu flimkien b\u2019mod aktar effettiv.<\/p>\n\n\n\n<p class=\"wp-block-paragraph\">Imbag\u0127ad, wara pro\u010bess ta\u2019 g\u0127a\u017cla, se ji\u0121u offruti tmien g\u0127otjiet ta\u2019 \u20ac5,000 kull wa\u0127da (\u017cew\u0121 g\u0127otjiet g\u0127al kull pajji\u017c) lill-parte\u010bipanti biex jirri\u010berkaw u jippubblikaw rapport investigattiv ta\u0127t il-gwida ta\u2019 <em>mentors <\/em>u edituri mis-SINFO.<\/p>\n\n\n\n<p class=\"wp-block-paragraph\">Fost attivitajiet sinifikanti o\u0127ra hemm sensiela ta\u2019 diskussjonijiet <em>online <\/em>g\u0127al \u0121urnalisti, attivisti, intellettwali u esperti Ewropej li jduru madwar il-fenomeni distruttivi ta\u2019 narrattivi foloz, propaganda statali, diskors ta\u2019 mibeg\u0127da u diskors anti-demokratiku.<\/p>\n\n\n\n<p class=\"wp-block-paragraph\">Repubblika se tkun qed torganizza kampanja pubblika bl-isem <em>No Democracy Without Journalism<\/em>, immirata biex tippromwovi l-valur tal-\u0121urnali\u017cmu indipendenti biex tipprote\u0121i d-drittijiet demokrati\u010bi.<\/p>\n\n\n\n<p class=\"wp-block-paragraph\">Se tipprodu\u010bi wkoll manwal di\u0121itali g\u0127all-organizzazzjonijiet tas-so\u010bjet\u00e0 \u010bivili, b\u0127ala gwida g\u0127all-involviment effettiv mal-midja indipendenti.<\/p>\n\n\n\n<p class=\"wp-block-paragraph\">L-g\u0127an finali tal-pro\u0121ett huwa li jin\u0127oloq mudell ta\u2019 \u0127idma ta\u2019 kollaborazzjoni sostenibbli bejn attivitsti u \u0121urnalisti, li g\u0127andu l-g\u0127eruq tieg\u0127u f\u2019valuri demokrati\u010bi, li jista\u2019 ji\u0121i ttrasferit g\u0127al pajji\u017ci u kuntesti o\u0127ra.<\/p>\n\n\n\n<p class=\"wp-block-paragraph\">\u017bur il-websajt tal-pro\u0121ett fuq <a href=\/en\/\\\"https:\/\/sinfo-project.eu\/\\\"\/>sinfo-project.eu<\/a><\/p>\n\n\n\n<div style=\\\"display:flex; column-gap:10%\\\">\n    <span style=\\\"margin:auto 0 auto auto\\\">\n        <a href=\/en\/\\\"https:\/\/sinfo-project.eu\\\"\/>\n            <img width=\\\"145\\\" height=\\\"87\\\" src=\\\"https:\/\/lh7-us.googleusercontent.com\/pFHO6PIpHdKgQuajzV4Zug9oqH0v7psh80EsojmYPgGSG_CCw6QnBMT1crSWUBdpiBhZbLvuHywgu8v0dSLupx_YCk5i9gmI5KEnyGM7-nymGjtpXUa2pnuAPm2tITWVDAaccNDP_eswt1-G4ixyv_s\\\">\n        <\/a>\n    <\/span>\n    <span style=\\\"margin:auto auto 0\\\">\n        <a href=\/en\/\\\"https:\/\/european-union.europa.eu\\\"\/>\n            <img width=\\\"147\\\" height=\\\"149\\\" src=\\\"https:\/\/lh7-us.googleusercontent.com\/7bWCcM9eIOCR4pni5mAWrsVBYtOBV50fSTJpxLqW4ZB457a9xzRKlj16pZm8LWvWbHAXuSG_j3tQAEM6EkVncEb1osh0qnZi0D9Q2B2wQ5ggeXY3_bS-YzW6OdeQwov2teCIsjrP-izTayV8QME7bP8\\\">\n        <\/a>\n    <\/span>\n<\/div>",
        "protected": false
    },
    "excerpt": {
        "rendered": "<p>Repubblika qed tie\u0127u sehem fl-akbar pro\u0121ett tag\u0127ha ffinanzjat mill-UE s\\&#8217;issa, billi tag\u0127ti kontribut \u0121did g\u0127all-missjoni tag\u0127ha li \u017c\u017comm lill-gvern responsabbli u ssa\u0127\u0127a\u0127 l-istat tad-dritt. A\u0127na wa\u0127da minn erba\\&#8217; organizzazzjonijiet s\u0127ab Ewropej involuti fil-pro\u0121ett ta\\&#8217; sentejn u \u20ac200,000 li jesplora l-mod kif l-organizzazzjonijiet tas-so\u010bjet\u00e0 \u010bivili jistg\u0127u jsa\u0127\u0127u l-\u0127idma tal-\u0121urnali\u017cmu investigattiv. Il-pro\u0121ett, li beda f\u2019Di\u010bembru, jissejja\u0127 SINFO, [&hellip;]<\/p>",
        "protected": false
    },
    "author": 1,
    "featured_media": 4617,
    "comment_status": "closed",
    "ping_status": "open",
    "sticky": false,
    "template": "",
    "format": "standard",
    "meta": {
        "site-sidebar-layout": "default",
        "site-content-layout": "",
        "ast-site-content-layout": "default",
        "site-content-style": "default",
        "site-sidebar-style": "default",
        "ast-global-header-display": "",
        "ast-banner-title-visibility": "",
        "ast-main-header-display": "",
        "ast-hfb-above-header-display": "",
        "ast-hfb-below-header-display": "",
        "ast-hfb-mobile-header-display": "",
        "site-post-title": "",
        "ast-breadcrumbs-content": "",
        "ast-featured-img": "",
        "footer-sml-layout": "",
        "ast-disable-related-posts": "",
        "theme-transparent-header-meta": "",
        "adv-header-id-meta": "",
        "stick-header-meta": "",
        "header-above-stick-meta": "",
        "header-main-stick-meta": "",
        "header-below-stick-meta": "",
        "astra-migrate-meta-layouts": "default",
        "ast-page-background-enabled": "default",
        "ast-page-background-meta": {
            "desktop": {
                "background-color": "",
                "background-image": "",
                "background-repeat": "repeat",
                "background-position": "center center",
                "background-size": "auto",
                "background-attachment": "scroll",
                "background-type": "",
                "background-media": "",
                "overlay-type": "",
                "overlay-color": "",
                "overlay-opacity": "",
                "overlay-gradient": ""
            },
            "tablet": {
                "background-color": "",
                "background-image": "",
                "background-repeat": "repeat",
                "background-position": "center center",
                "background-size": "auto",
                "background-attachment": "scroll",
                "background-type": "",
                "background-media": "",
                "overlay-type": "",
                "overlay-color": "",
                "overlay-opacity": "",
                "overlay-gradient": ""
            },
            "mobile": {
                "background-color": "",
                "background-image": "",
                "background-repeat": "repeat",
                "background-position": "center center",
                "background-size": "auto",
                "background-attachment": "scroll",
                "background-type": "",
                "background-media": "",
                "overlay-type": "",
                "overlay-color": "",
                "overlay-opacity": "",
                "overlay-gradient": ""
            }
        },
        "ast-content-background-meta": {
            "desktop": {
                "background-color": "var(--ast-global-color-5)",
                "background-image": "",
                "background-repeat": "repeat",
                "background-position": "center center",
                "background-size": "auto",
                "background-attachment": "scroll",
                "background-type": "",
                "background-media": "",
                "overlay-type": "",
                "overlay-color": "",
                "overlay-opacity": "",
                "overlay-gradient": ""
            },
            "tablet": {
                "background-color": "var(--ast-global-color-5)",
                "background-image": "",
                "background-repeat": "repeat",
                "background-position": "center center",
                "background-size": "auto",
                "background-attachment": "scroll",
                "background-type": "",
                "background-media": "",
                "overlay-type": "",
                "overlay-color": "",
                "overlay-opacity": "",
                "overlay-gradient": ""
            },
            "mobile": {
                "background-color": "var(--ast-global-color-5)",
                "background-image": "",
                "background-repeat": "repeat",
                "background-position": "center center",
                "background-size": "auto",
                "background-attachment": "scroll",
                "background-type": "",
                "background-media": "",
                "overlay-type": "",
                "overlay-color": "",
                "overlay-opacity": "",
                "overlay-gradient": ""
            }
        },
        "footnotes": ""
    },
    "categories": [
        40
    ],
    "tags": [],
    "class_list": [
        "post-8205",
        "post",
        "type-post",
        "status-publish",
        "format-standard",
        "has-post-thumbnail",
        "hentry",
        "category-progett"
    ],
    "_links": {
        "self": [
            {
                "href": "https:\/\/repubblika.org\/en\/wp-json\/wp\/v2\/posts\/8205",
                "targetHints": {
                    "allow": [
                        "GET"
                    ]
                }
            }
        ],
        "collection": [
            {
                "href": "https:\/\/repubblika.org\/en\/wp-json\/wp\/v2\/posts"
            }
        ],
        "about": [
            {
                "href": "https:\/\/repubblika.org\/en\/wp-json\/wp\/v2\/types\/post"
            }
        ],
        "author": [
            {
                "embeddable": true,
                "href": "https:\/\/repubblika.org\/en\/wp-json\/wp\/v2\/users\/1"
            }
        ],
        "replies": [
            {
                "embeddable": true,
                "href": "https:\/\/repubblika.org\/en\/wp-json\/wp\/v2\/comments?post=8205"
            }
        ],
        "version-history": [
            {
                "count": 0,
                "href": "https:\/\/repubblika.org\/en\/wp-json\/wp\/v2\/posts\/8205\/revisions"
            }
        ],
        "wp:featuredmedia": [
            {
                "embeddable": true,
                "href": "https:\/\/repubblika.org\/en\/wp-json\/wp\/v2\/media\/4617"
            }
        ],
        "wp:attachment": [
            {
                "href": "https:\/\/repubblika.org\/en\/wp-json\/wp\/v2\/media?parent=8205"
            }
        ],
        "wp:term": [
            {
                "taxonomy": "category",
                "embeddable": true,
                "href": "https:\/\/repubblika.org\/en\/wp-json\/wp\/v2\/categories?post=8205"
            },
            {
                "taxonomy": "post_tag",
                "embeddable": true,
                "href": "https:\/\/repubblika.org\/en\/wp-json\/wp\/v2\/tags?post=8205"
            }
        ],
        "curies": [
            {
                "name": "wp",
                "href": "https:\/\/api.w.org\/{rel}",
                "templated": true
            }
        ]
    }
}