{
    "id": 8021,
    "date": "2025-02-21T18:57:23",
    "date_gmt": "2025-02-21T17:57:23",
    "guid": {
        "rendered": "https:\/\/repubblika.org\/?st-import=9821e93aa27353e00abc6031a369d99f"
    },
    "modified": "2025-02-21T18:57:23",
    "modified_gmt": "2025-02-21T17:57:23",
    "slug": "delegazzjoni-minn-repubblika-tiltaqa-ma-membri-tal-korp-diplomatiku-dwar-is-sitwazzjoni-tas-saltna-tad-dritt-fmalta-4",
    "status": "publish",
    "type": "post",
    "link": "https:\/\/repubblika.org\/en\/delegazzjoni-minn-repubblika-tiltaqa-ma-membri-tal-korp-diplomatiku-dwar-is-sitwazzjoni-tas-saltna-tad-dritt-fmalta-4\/",
    "title": {
        "rendered": "Delegazzjoni Minn Repubblika Tiltaqa\\&#8217; Ma\\&#8217; Membri Tal-Korp Diplomatiku Dwar Is-Sitwazzjoni Tas-Saltna Tad-Dritt F\\&#8217;Malta"
    },
    "content": {
        "rendered": "<p class=\"wp-block-paragraph\">Delegazzjoni minn Repubblika mmexxija mit-Te\u017corier Paula Fleri Soler flimkien mal-Membru tal-Kumitat Edward Warrington u l-Uffi\u010bjal E\u017cekuttiv Manuel Delia llum iltaqg\u0127et ma\\&#8217; membri tal-korp diplomatiku dwar is-sitwazzjoni tas-saltna tad-dritt f\u2019Malta.<\/p>\n\n\n\n<p class=\"wp-block-paragraph\">G\u0127al-laqg\u0127a ta\u2019 informazzjoni attendew l-Ambaxxatur Tanja Beyer tal-\u0120ermanja, il-Kummissarju G\u0127oli Matt Skelly tal-Awstralja, l-Ambaxxatur Tomasz Czyszek tal-Polonja, l-Ambaxxatur Djoeke Adimi tal-Olanda, ix-Charg\u00e9 d\u2019Affaires Ken Toko tal-Istati Uniti, id-Deputat Ambaxxatur Christophe Jean ta\u2019 Franza, u d-Deputat Ambaxxatur Aisling Kearns tal-Irlanda.<\/p>\n\n\n\n<p class=\"wp-block-paragraph\">Il-laqg\u0127a saret fl-ambaxxata tal-Olanda f\u2019Ta\u2019 Xbiex.<\/p>",
        "protected": false
    },
    "excerpt": {
        "rendered": "<p>Delegazzjoni minn Repubblika mmexxija mit-Te\u017corier Paula Fleri Soler flimkien mal-Membru tal-Kumitat Edward Warrington u l-Uffi\u010bjal E\u017cekuttiv Manuel Delia llum iltaqg\u0127et ma\\&#8217; membri tal-korp diplomatiku dwar is-sitwazzjoni tas-saltna tad-dritt f\u2019Malta. G\u0127al-laqg\u0127a ta\u2019 informazzjoni attendew l-Ambaxxatur Tanja Beyer tal-\u0120ermanja, il-Kummissarju G\u0127oli Matt Skelly tal-Awstralja, l-Ambaxxatur Tomasz Czyszek tal-Polonja, l-Ambaxxatur Djoeke Adimi tal-Olanda, ix-Charg\u00e9 d\u2019Affaires Ken Toko tal-Istati [&hellip;]<\/p>",
        "protected": false
    },
    "author": 1,
    "featured_media": 6863,
    "comment_status": "closed",
    "ping_status": "open",
    "sticky": false,
    "template": "",
    "format": "standard",
    "meta": {
        "site-sidebar-layout": "default",
        "site-content-layout": "",
        "ast-site-content-layout": "default",
        "site-content-style": "default",
        "site-sidebar-style": "default",
        "ast-global-header-display": "",
        "ast-banner-title-visibility": "",
        "ast-main-header-display": "",
        "ast-hfb-above-header-display": "",
        "ast-hfb-below-header-display": "",
        "ast-hfb-mobile-header-display": "",
        "site-post-title": "",
        "ast-breadcrumbs-content": "",
        "ast-featured-img": "",
        "footer-sml-layout": "",
        "ast-disable-related-posts": "",
        "theme-transparent-header-meta": "",
        "adv-header-id-meta": "",
        "stick-header-meta": "",
        "header-above-stick-meta": "",
        "header-main-stick-meta": "",
        "header-below-stick-meta": "",
        "astra-migrate-meta-layouts": "default",
        "ast-page-background-enabled": "default",
        "ast-page-background-meta": {
            "desktop": {
                "background-color": "",
                "background-image": "",
                "background-repeat": "repeat",
                "background-position": "center center",
                "background-size": "auto",
                "background-attachment": "scroll",
                "background-type": "",
                "background-media": "",
                "overlay-type": "",
                "overlay-color": "",
                "overlay-opacity": "",
                "overlay-gradient": ""
            },
            "tablet": {
                "background-color": "",
                "background-image": "",
                "background-repeat": "repeat",
                "background-position": "center center",
                "background-size": "auto",
                "background-attachment": "scroll",
                "background-type": "",
                "background-media": "",
                "overlay-type": "",
                "overlay-color": "",
                "overlay-opacity": "",
                "overlay-gradient": ""
            },
            "mobile": {
                "background-color": "",
                "background-image": "",
                "background-repeat": "repeat",
                "background-position": "center center",
                "background-size": "auto",
                "background-attachment": "scroll",
                "background-type": "",
                "background-media": "",
                "overlay-type": "",
                "overlay-color": "",
                "overlay-opacity": "",
                "overlay-gradient": ""
            }
        },
        "ast-content-background-meta": {
            "desktop": {
                "background-color": "var(--ast-global-color-5)",
                "background-image": "",
                "background-repeat": "repeat",
                "background-position": "center center",
                "background-size": "auto",
                "background-attachment": "scroll",
                "background-type": "",
                "background-media": "",
                "overlay-type": "",
                "overlay-color": "",
                "overlay-opacity": "",
                "overlay-gradient": ""
            },
            "tablet": {
                "background-color": "var(--ast-global-color-5)",
                "background-image": "",
                "background-repeat": "repeat",
                "background-position": "center center",
                "background-size": "auto",
                "background-attachment": "scroll",
                "background-type": "",
                "background-media": "",
                "overlay-type": "",
                "overlay-color": "",
                "overlay-opacity": "",
                "overlay-gradient": ""
            },
            "mobile": {
                "background-color": "var(--ast-global-color-5)",
                "background-image": "",
                "background-repeat": "repeat",
                "background-position": "center center",
                "background-size": "auto",
                "background-attachment": "scroll",
                "background-type": "",
                "background-media": "",
                "overlay-type": "",
                "overlay-color": "",
                "overlay-opacity": "",
                "overlay-gradient": ""
            }
        },
        "footnotes": ""
    },
    "categories": [
        1
    ],
    "tags": [],
    "class_list": [
        "post-8021",
        "post",
        "type-post",
        "status-publish",
        "format-standard",
        "has-post-thumbnail",
        "hentry",
        "category-uncategorized"
    ],
    "_links": {
        "self": [
            {
                "href": "https:\/\/repubblika.org\/en\/wp-json\/wp\/v2\/posts\/8021",
                "targetHints": {
                    "allow": [
                        "GET"
                    ]
                }
            }
        ],
        "collection": [
            {
                "href": "https:\/\/repubblika.org\/en\/wp-json\/wp\/v2\/posts"
            }
        ],
        "about": [
            {
                "href": "https:\/\/repubblika.org\/en\/wp-json\/wp\/v2\/types\/post"
            }
        ],
        "author": [
            {
                "embeddable": true,
                "href": "https:\/\/repubblika.org\/en\/wp-json\/wp\/v2\/users\/1"
            }
        ],
        "replies": [
            {
                "embeddable": true,
                "href": "https:\/\/repubblika.org\/en\/wp-json\/wp\/v2\/comments?post=8021"
            }
        ],
        "version-history": [
            {
                "count": 0,
                "href": "https:\/\/repubblika.org\/en\/wp-json\/wp\/v2\/posts\/8021\/revisions"
            }
        ],
        "wp:featuredmedia": [
            {
                "embeddable": true,
                "href": "https:\/\/repubblika.org\/en\/wp-json\/wp\/v2\/media\/6863"
            }
        ],
        "wp:attachment": [
            {
                "href": "https:\/\/repubblika.org\/en\/wp-json\/wp\/v2\/media?parent=8021"
            }
        ],
        "wp:term": [
            {
                "taxonomy": "category",
                "embeddable": true,
                "href": "https:\/\/repubblika.org\/en\/wp-json\/wp\/v2\/categories?post=8021"
            },
            {
                "taxonomy": "post_tag",
                "embeddable": true,
                "href": "https:\/\/repubblika.org\/en\/wp-json\/wp\/v2\/tags?post=8021"
            }
        ],
        "curies": [
            {
                "name": "wp",
                "href": "https:\/\/api.w.org\/{rel}",
                "templated": true
            }
        ]
    }
}