{
    "id": 7937,
    "date": "2026-03-14T08:49:03",
    "date_gmt": "2026-03-14T07:49:03",
    "guid": {
        "rendered": "https:\/\/repubblika.org\/?st-import=fa8c06af2d429e8ba4d31e08ebad0353"
    },
    "modified": "2026-03-14T08:49:03",
    "modified_gmt": "2026-03-14T07:49:03",
    "slug": "guh-ghall-verita-u-l-gustizzja-2",
    "status": "publish",
    "type": "post",
    "link": "https:\/\/repubblika.org\/en\/guh-ghall-verita-u-l-gustizzja-2\/",
    "title": {
        "rendered": "\u0120U\u0126 G\u0126ALL-VERITA\\&#8217; U L-\u0120USTIZZJA"
    },
    "content": {
        "rendered": "<p class=\"wp-block-paragraph\">Repubblika se tfakkar il-31 Jum tat-Tifkira u l-Impenn b\u2019tifkira tal-vittmi inno\u010benti tal-mafji fis-16 ta\u2019 Marzu 2026 waqt il-velja b\u2019tifkira ta\u2019 Daphne Caruana Galizia fil-Pjazza tal-Assedju l-Kbir fil-Belt Valletta fis-18:30.<\/p>\n\n\n\n<p class=\"wp-block-paragraph\">Il-Jum tat-Tifkira u l-Impenn huwa avveniment annwali organizzat fl-Italja minn Libera, l-organizzazzjoni li ti\u0121bor flimkien \u0127afna organizzazzjonijiet kontra l-mafja. Din is-sena se jsir fil-21 ta\u2019 Marzu 2026 fil-belt ta\u2019 Torino, fir-re\u0121jun ta\u2019 Piemonte, fil-majjistral tal-pajji\u017c. Avvenimenti paralleli qed isiru f\u2019diversi bliet madwar id-dinja, fosthom l-avveniment tas-16 ta\u2019 Marzu organizzat minn Repubblika fil-Belt Valletta.<\/p>\n\n\n\n<p class=\"wp-block-paragraph\">Bit-titlu \u201c\u0120u\u0127 g\u0127all-verit\u00e0 u g\u0127all-\u0121ustizzja. Ner\u0121g\u0127u nibnu r-rabtiet biex nibnu futur \u0127ieles mill-mafji u mill-korruzzjoni\u201d, il-Jum tat-Tifkira u l-Impenn jirrappre\u017centa mument \u010bentrali g\u0127as-so\u010bjet\u00e0 \u010bivili u g\u0127an-netwerks internazzjonali li huma impenjati fil-promozzjoni tal-legalit\u00e0, tad-drittijiet u tal-\u0121ustizzja so\u010bjali.<\/p>\n\n\n\n<p class=\"wp-block-paragraph\">Dan il-Jum i\u017comm u j\u0121edded il-memorja tal-vittmi inno\u010benti tal-mafji, filwaqt li jappo\u0121\u0121ja lill-familji tag\u0127hom fit-tfittxija g\u0127all-verit\u00e0 u l-\u0121ustizzja. F\u2019Malta l-avveniment i\u0121edded l-impenn fil-kampanja g\u0127all-\u0121ustizzja g\u0127al Daphne Caruana Galizia u jfakkar il-memorja \u010bivika tal-\u0127ajja u tal-\u0127idma tag\u0127ha. Matul aktar minn tletin sena sar spazju kollettiv ta\u2019 parte\u010bipazzjoni li jinvolvi skejjel, universitajiet, g\u0127aqdiet, istituzzjonijiet lokali u komunitajiet reli\u0121ju\u017ci. Mhuwiex biss mument ta\u2019 tifkira, i\u017cda wkoll laboratorju permanenti ta\u2019 edukazzjoni \u010bivika, impenn so\u010bjali u trasformazzjoni territorjali.<\/p>\n\n\n\n<p class=\"wp-block-paragraph\">L-g\u0127a\u017cla ta\u2019 Torino g\u0127andha valur simboliku u politiku qawwi. Spiss meqjusa b\u0127ala fenomenu limitat g\u0127an-nofsinhar tal-Italja, il-mafji wrew matul dawn l-a\u0127\u0127ar g\u0127exieren ta\u2019 snin pre\u017cenza strutturata u radikata wkoll fit-tramuntana tal-pajji\u017c. Bosta investigazzjonijiet \u0121udizzjarji \u017cvelaw rabtiet bejn il-kriminalit\u00e0 organizzata, l-ekonomija legali, il-politika u l-finanzi, u wrew kif it-tramuntana saret punt strate\u0121iku g\u0127all-\u0127asil tal-flus, g\u0127all-\u0121estjoni ta\u2019 traffikar ille\u010bitu u g\u0127al investimenti f\u2019setturi formali tal-ekonomija. Minn din il-perspettiva, li nitkellmu dwar \u201cil-mafji fit-tramuntana\u201d ifisser nirrikonoxxu responsabbiltajiet komuni u ni\u0121\u0121ieldu mhux biss l-infiltrazzjoni kriminali, i\u017cda wkoll i\u017c-\u017coni gri\u017ci ta\u2019 kollu\u017cjoni u korruzzjoni.<\/p>\n\n\n\n<p class=\"wp-block-paragraph\">Il-Jum tal-2026 ipo\u0121\u0121i fil-qalba tieg\u0127u dawn il-prioritajiet:<\/p>\n\n\n\n<ul class=\"wp-block-list\"><li>id-dritt g\u0127all-verit\u00e0 g\u0127all-vittmi kollha u appo\u0121\u0121 lill-familji tag\u0127hom;<\/li><li>l-u\u017cu so\u010bjali tal-assi kkonfiskati, sabiex il-\u0121id me\u0127ud mill-organizzazzjonijiet kriminali jsir ri\u017corsa g\u0127all-komunitajiet;<\/li><li>il-\u0121lieda kontra l-korruzzjoni u kontra ekonomiji opaki;<\/li><li>investiment fl-edukazzjoni u fit-tmexxija ta\u017c-\u017cg\u0127a\u017cag\u0127 b\u0127ala g\u0127odod ta\u2019 prevenzjoni;<\/li><li>ir-regolazzjoni tal-log\u0127ob tal-azzard, settur f\u2019riskju g\u0127oli ta\u2019 infiltrazzjoni mafju\u017ca;<\/li><li>il-protezzjoni tal-ambjent, mhedded mill-\u201ceko-mafji\u201d;<\/li><li>il-promozzjoni tad-drittijiet u tad-dinjit\u00e0 fis-sistema tal-\u0127abs u fi\u010b-\u010bentri ta\u2019 detenzjoni amministrattiva.<\/li><\/ul>\n\n\n\n<p class=\"wp-block-paragraph\">Is-simbolu mag\u0127\u017cul, li jfakkar dak tal-edizzjoni tal-2006 li wkoll saret f\u2019Torino, huwa n-nemla, b\u0127ala emblema ta\u2019 responsabbilt\u00e0 kollettiva. Il-metafora tal-\u201cistonku so\u010bjali\u201d tag\u0127ha, kapa\u010bi jaqsam l-ikel mal-komunit\u00e0, issir stedina biex ji\u0121u promossi politiki redistributtivi u inklu\u017civi fi \u017cmien immarkat minn inugwaljanzi dejjem jikbru. In-nemla \u0121\u0121orr ukoll il-bandiera tal-pa\u010bi, u tfakkarna li l-impenn kontra l-mafji huwa parti minn kultura usa\u2019 ta\u2019 non-vjolenza u koe\u017cistenza.<\/p>\n\n\n\n<p class=\"wp-block-paragraph\">\u201c\u0120u\u0127 g\u0127all-verit\u00e0 u g\u0127all-\u0121ustizzja\u201d mhuwiex biss slogan, i\u017cda pjattaforma politika u kulturali li tistieden li\u010b-\u010bittadini, lill-istituzzjonijiet u lill-komunitajiet internazzjonali biex jittrasformaw il-memorja f\u2019azzjoni konkreta. F\u2019dinja mmarkata minn kunflitti, kri\u017cijiet demokrati\u010bi u forom \u0121odda ta\u2019 kriminalit\u00e0 transnazzjonali, il-Jum tal-21 ta\u2019 Marzu jie\u0127u tifsira li tmur lil hinn mill-fruntieri Taljani, u jafferma li l-\u0121lieda kontra l-mafji hija parti integrali mid-difi\u017ca tad-drittijiet tal-bniedem, tal-\u0121ustizzja so\u010bjali u tas-saltna tad-dritt.<\/p>\n\n\n\n<p class=\"wp-block-paragraph\">Il-31 edizzjoni mhux se tkun avveniment i\u017colat, i\u017cda l-qofol ta\u2019 pro\u010bess ta\u2019 ta\u0127ri\u0121, mobilizzazzjoni u parte\u010bipazzjoni li jinvolvi territorji Taljani u netwerks internazzjonali li fihom tipparte\u010bipa Repubblika. Torino g\u0127alhekk issir laboratorju miftu\u0127, post fejn il-memorja u r-responsabbilt\u00e0 jiltaqg\u0127u biex ji\u0121\u0121eneraw il-futur. Li niltaqg\u0127u fil-Belt Valletta fis-16 ta\u2019 Marzu jew nimxu flimkien f\u2019Torino fil-21 ta\u2019 Marzu 2026 ifisser nag\u0127\u017clu li ma nibqg\u0127ux indifferenti, nag\u0127rfu li l-mafji jiffjorixxu fejn ir-rabtiet so\u010bjali jiddg\u0127ajfu, u naffermaw li komunit\u00e0 konxja u solidali biss tista\u2019 tibni futur \u0127ieles mill-mafji u mill-korruzzjoni.<\/p>",
        "protected": false
    },
    "excerpt": {
        "rendered": "<p>Repubblika se tfakkar il-31 Jum tat-Tifkira u l-Impenn b\u2019tifkira tal-vittmi inno\u010benti tal-mafji fis-16 ta\u2019 Marzu 2026 waqt il-velja b\u2019tifkira ta\u2019 Daphne Caruana Galizia fil-Pjazza tal-Assedju l-Kbir fil-Belt Valletta fis-18:30. Il-Jum tat-Tifkira u l-Impenn huwa avveniment annwali organizzat fl-Italja minn Libera, l-organizzazzjoni li ti\u0121bor flimkien \u0127afna organizzazzjonijiet kontra l-mafja. Din is-sena se jsir fil-21 ta\u2019 Marzu [&hellip;]<\/p>",
        "protected": false
    },
    "author": 1,
    "featured_media": 7635,
    "comment_status": "closed",
    "ping_status": "open",
    "sticky": false,
    "template": "",
    "format": "standard",
    "meta": {
        "site-sidebar-layout": "default",
        "site-content-layout": "",
        "ast-site-content-layout": "default",
        "site-content-style": "default",
        "site-sidebar-style": "default",
        "ast-global-header-display": "",
        "ast-banner-title-visibility": "",
        "ast-main-header-display": "",
        "ast-hfb-above-header-display": "",
        "ast-hfb-below-header-display": "",
        "ast-hfb-mobile-header-display": "",
        "site-post-title": "",
        "ast-breadcrumbs-content": "",
        "ast-featured-img": "",
        "footer-sml-layout": "",
        "ast-disable-related-posts": "",
        "theme-transparent-header-meta": "",
        "adv-header-id-meta": "",
        "stick-header-meta": "",
        "header-above-stick-meta": "",
        "header-main-stick-meta": "",
        "header-below-stick-meta": "",
        "astra-migrate-meta-layouts": "default",
        "ast-page-background-enabled": "default",
        "ast-page-background-meta": {
            "desktop": {
                "background-color": "",
                "background-image": "",
                "background-repeat": "repeat",
                "background-position": "center center",
                "background-size": "auto",
                "background-attachment": "scroll",
                "background-type": "",
                "background-media": "",
                "overlay-type": "",
                "overlay-color": "",
                "overlay-opacity": "",
                "overlay-gradient": ""
            },
            "tablet": {
                "background-color": "",
                "background-image": "",
                "background-repeat": "repeat",
                "background-position": "center center",
                "background-size": "auto",
                "background-attachment": "scroll",
                "background-type": "",
                "background-media": "",
                "overlay-type": "",
                "overlay-color": "",
                "overlay-opacity": "",
                "overlay-gradient": ""
            },
            "mobile": {
                "background-color": "",
                "background-image": "",
                "background-repeat": "repeat",
                "background-position": "center center",
                "background-size": "auto",
                "background-attachment": "scroll",
                "background-type": "",
                "background-media": "",
                "overlay-type": "",
                "overlay-color": "",
                "overlay-opacity": "",
                "overlay-gradient": ""
            }
        },
        "ast-content-background-meta": {
            "desktop": {
                "background-color": "var(--ast-global-color-5)",
                "background-image": "",
                "background-repeat": "repeat",
                "background-position": "center center",
                "background-size": "auto",
                "background-attachment": "scroll",
                "background-type": "",
                "background-media": "",
                "overlay-type": "",
                "overlay-color": "",
                "overlay-opacity": "",
                "overlay-gradient": ""
            },
            "tablet": {
                "background-color": "var(--ast-global-color-5)",
                "background-image": "",
                "background-repeat": "repeat",
                "background-position": "center center",
                "background-size": "auto",
                "background-attachment": "scroll",
                "background-type": "",
                "background-media": "",
                "overlay-type": "",
                "overlay-color": "",
                "overlay-opacity": "",
                "overlay-gradient": ""
            },
            "mobile": {
                "background-color": "var(--ast-global-color-5)",
                "background-image": "",
                "background-repeat": "repeat",
                "background-position": "center center",
                "background-size": "auto",
                "background-attachment": "scroll",
                "background-type": "",
                "background-media": "",
                "overlay-type": "",
                "overlay-color": "",
                "overlay-opacity": "",
                "overlay-gradient": ""
            }
        },
        "footnotes": ""
    },
    "categories": [
        1
    ],
    "tags": [],
    "class_list": [
        "post-7937",
        "post",
        "type-post",
        "status-publish",
        "format-standard",
        "has-post-thumbnail",
        "hentry",
        "category-uncategorized"
    ],
    "_links": {
        "self": [
            {
                "href": "https:\/\/repubblika.org\/en\/wp-json\/wp\/v2\/posts\/7937",
                "targetHints": {
                    "allow": [
                        "GET"
                    ]
                }
            }
        ],
        "collection": [
            {
                "href": "https:\/\/repubblika.org\/en\/wp-json\/wp\/v2\/posts"
            }
        ],
        "about": [
            {
                "href": "https:\/\/repubblika.org\/en\/wp-json\/wp\/v2\/types\/post"
            }
        ],
        "author": [
            {
                "embeddable": true,
                "href": "https:\/\/repubblika.org\/en\/wp-json\/wp\/v2\/users\/1"
            }
        ],
        "replies": [
            {
                "embeddable": true,
                "href": "https:\/\/repubblika.org\/en\/wp-json\/wp\/v2\/comments?post=7937"
            }
        ],
        "version-history": [
            {
                "count": 0,
                "href": "https:\/\/repubblika.org\/en\/wp-json\/wp\/v2\/posts\/7937\/revisions"
            }
        ],
        "wp:featuredmedia": [
            {
                "embeddable": true,
                "href": "https:\/\/repubblika.org\/en\/wp-json\/wp\/v2\/media\/7635"
            }
        ],
        "wp:attachment": [
            {
                "href": "https:\/\/repubblika.org\/en\/wp-json\/wp\/v2\/media?parent=7937"
            }
        ],
        "wp:term": [
            {
                "taxonomy": "category",
                "embeddable": true,
                "href": "https:\/\/repubblika.org\/en\/wp-json\/wp\/v2\/categories?post=7937"
            },
            {
                "taxonomy": "post_tag",
                "embeddable": true,
                "href": "https:\/\/repubblika.org\/en\/wp-json\/wp\/v2\/tags?post=7937"
            }
        ],
        "curies": [
            {
                "name": "wp",
                "href": "https:\/\/api.w.org\/{rel}",
                "templated": true
            }
        ]
    }
}