{
    "id": 7917,
    "date": "2024-07-18T11:39:42",
    "date_gmt": "2024-07-18T09:39:42",
    "guid": {
        "rendered": "https:\/\/repubblika.org\/?st-import=affa7ad31d6d1061c300a7094d18d096"
    },
    "modified": "2024-07-18T11:39:42",
    "modified_gmt": "2024-07-18T09:39:42",
    "slug": "call-for-applications-for-training-in-investigative-journalism-2-2",
    "status": "publish",
    "type": "post",
    "link": "https:\/\/repubblika.org\/en\/call-for-applications-for-training-in-investigative-journalism-2-2\/",
    "title": {
        "rendered": "Sej\u0127a g\u0127al Parte\u010bipazzjoni f\\&#8217;Ta\u0127ri\u0121 fil-\u0120urnali\u017cmu Investigattiv"
    },
    "content": {
        "rendered": "<h2 class=\"wp-block-heading\"><strong>Ta\u0127ri\u0121 fil-\u0120urnali\u017cmu u Premju ta\\&#8217; \u20ac5,000<\/strong><\/h2>\n\n\n\n<p class=\"wp-block-paragraph\">Int \u0121urnalist lokali, \u0121urnalist aspiranti jew attivist fil-midja b\u2019 interess fil-\u0121urnali\u017cmu investigattiv?<\/p>\n\n\n\n<p class=\"wp-block-paragraph\">Il-pro\u0121ett iffinanzjat mill-UE li fih Repubblika hija msie\u0127ba, S-INFO \u2013 Sustainable Information, jistiednek tie\u0127u parti f\u2019 programm ta\u2019 ta\u0127ri\u0121 ta\u2019 jumejn fil-\u0121urnali\u017cmu investigattiv li \u0127a jisir fil-bidu ta\u2019 Ottubru. It-ta\u0127ri\u0121 huwa bla \u0127las u se jing\u0127ata&nbsp; bl-Ingli\u017c.<\/p>\n\n\n\n<p class=\"wp-block-paragraph\">Bil-parte\u010bipazzjoni tieg\u0127ek issir eli\u0121ibbli biex tikkompeti g\u0127al premju ta\u2019 \u20ac5,000 biex tag\u0127mel investigazzjoni, b\u2019 kollaborazzjoni ma\u2019 g\u0127aqda tas-so\u010bjeta\u2019 \u010bivili li ta\u0127dem fil-qasam tal-ambjent, fil-qasam ta\u2019 kontra l-korruzzjoni jew fil-promozzjoni tal-\u0121ustizzja so\u010bjali.<\/p>\n\n\n\n<p class=\"wp-block-paragraph\">Wara t-ta\u0127ri\u0121, \u017cew\u0121 g\u0127otjiet ta\u2019 \u20ac5,000, ko-finanzjati mill-Unjoni Ewropea, ser ji\u0121u offruti li\u017c-\u017cew\u0121 parte\u010bipanti li g\u0127andhom l-a\u0127jar idejat g\u0127al stejjer investigattivi. L-istejjer tag\u0127hom g\u0127andhom jie\u0127du massimu ta\u2019 sitt xhur biex jitlestew, u jkunu ppubblikati fuq is-sit web <a href=\/en\/\\\"https:\/\/sinfo-project.eu\/\\\"\/>S-Info<\/a> fl-2025 wara editjar u verifika tal-fatti.<\/p>\n\n\n\n<p class=\"wp-block-paragraph\">It-ta\u0127ri\u0121 se jsir fit-3 u l-4 ta \u2019Ottubru, 2004 mid-9am sal-5pm, \u0121ol-penthouse sabi\u0127 f\u2019Mount St Joseph Retreat House il-Mosta, bl-ikel u waqfiet ghal kaf\u00e9 inklu\u017ci u \u0121onna fejn tista\u2019 tirrilassa bejn sessjoni u o\u0127ra.<\/p>\n\n\n\n<p class=\"wp-block-paragraph\">Fost il-\u0127arrie\u0121a se jkun hemm:<\/p>\n\n\n\n<ul class=\"wp-block-list\"><li>Natalino Fenech, eks attivist ambjentali, kittieb rebbie\u0127 ta\u2019 premjijiet, \u0121urnalist veteran u editur, u senior lecturer fil-\u0121urnali\u017cmu fl-Istitut tal-Arti Kreattiva tal-MCAST.<\/li><li>Bertrand Borg, eks edukatur tad-drittijiet tal-bniedem, eks \u0121urnalist ta\u2019 <em>The Age<\/em> \u0121ewwa Melbourne, eks senior journalist u issa editur tat-<em>Times of Malta<\/em> onlajn.<\/li><li>Manuel Delia, eks segretarju tal-istampa ma\u2019 prim ministru, awtur, attivist, \u0121urnalist investigattiv, blogger, opinjonista ma\u2019 <em>The Sunday Times of Malta<\/em>, uffi\u010bjal e\u017cekuttiv g\u0127al Repubblika.<\/li><li>Mark Wood, eks \u0121urnalist, eks editur tas-<em>Sunday Times of Malta<\/em>, eks editur tat-<em>Times of Malta<\/em> edizzjoni stampata, project coordinator g\u0127al Repubblika.<\/li><\/ul>\n\n\n\n<p class=\"wp-block-paragraph\">It-ta\u0127ri\u0121 se jinkludi lek\u010bers u workshops bi t\u0127ejjija g\u0127all-kompetizzjoni g\u0127all-premjijiet.<\/p>\n\n\n\n<p class=\"wp-block-paragraph\">L-g\u0127an ewlieni tag\u0127na huwa li l-\u0121urnalisti investigattivi aspiranti u l-attivisti tal-midja ji\u0121u mg\u0127ammra b\u2019u\u0127ud mill-\u0127iliet essenzjali u l-g\u0127arfien professjonali me\u0127tie\u0121a biex jitwettaq rappurtar investigattiv effettiv.<\/p>\n\n\n\n<p class=\"wp-block-paragraph\">It-ta\u0127ri\u0121 se jkopri wkoll kuntatti bejn il-parte\u010bipanti u g\u0127aqdiet tas-so\u010bjet\u00e0 \u010bivili, u modi kif wie\u0127ed jista\u2019 jikkollabora mal-organizzazzjonijiet dwar it-t\u0127ejjija u l-u\u017cu ta\u2019 rapporti investigattivi. Il-parte\u010bipanti se jitg\u0127allmu kif jippre\u017centaw l-istorja li se jsegwu biex ji\u0121u kkunsidrati g\u0127all-premju ta\u2019 \u20ac5,000 ta\u0127t l-iskema tal-g\u0127otjiet.<\/p>\n\n\n\n<p class=\"wp-block-paragraph\">It-ta\u0127ri\u0121 joffri opportunit\u00e0 unika biex ittejjeb il-\u0127iliet tieg\u0127ek fil-\u0121urnali\u017cmu investigattiv u biex to\u0127loq netwerk ta\u2019 kuntatti kemm mal-professjonisti kif ukoll mal-g\u0127aqdiet tas-so\u010bjet\u00e0 \u010bivili.<\/p>\n\n\n\n<p class=\"wp-block-paragraph\">Il-kriterji tal-g\u0127a\u017cla jinkludu motivazzjoni u aderenza mal-valuri u l-objettivi tal-pro\u0121ett S-info. Il-parte\u010bipanti prospettivi se jkunu pprodu\u010bew mill-inqas rapport wie\u0127ed ippubblikat f\u2019 \u0127ar\u0121a tal-a\u0127barijiet. Meta nag\u0127mlu l-g\u0127a\u017cla finali se nikkunsidraw ukoll il-bilan\u010b bejn is-sessi fi proporzjon mal-applikazzjonijiet li jid\u0127lu. Jista jkun hemm b\u017conn intervesti mal-applikanti.<\/p>\n\n\n\n<p class=\"wp-block-paragraph\"><em>G\u0127al kwalunkwe kjarifika, jekk jog\u0127\u0121bok ikkuntattja lil Mark Wood: <a href=\/en\/\\\"mailto:mwood667@gmail.com\\\"\/>mwood667@gmail.com<\/a>.<\/em><\/p>\n\n\n\n<p class=\"wp-block-paragraph\">Biex tapplika, imla l-formola billi tu\u017ca l-buttuna t\u2019hawn ta\u0127t.<\/p>\n\n\n\n<div class=\"\\&quot;wp-block-buttons\\&quot; is-layout-flex wp-block-buttons-is-layout-flex\">\n<div class=\\\"wp-block-button aligncenter\\\"><a class=\\\"wp-block-button__link\\\" href=\/en\/\\\"https:\/\/docs.google.com\/forms\/d\/1bYB2wY1zm-u0qcy-ARjKTBIyrvL7Pi7VhFfREN6uKhE\/edit\\\"\/>APPLY<\/a><\/div>\n<\/div>",
        "protected": false
    },
    "excerpt": {
        "rendered": "<p>Ta\u0127ri\u0121 fil-\u0120urnali\u017cmu u Premju ta\\&#8217; \u20ac5,000 Int \u0121urnalist lokali, \u0121urnalist aspiranti jew attivist fil-midja b\u2019 interess fil-\u0121urnali\u017cmu investigattiv? Il-pro\u0121ett iffinanzjat mill-UE li fih Repubblika hija msie\u0127ba, S-INFO \u2013 Sustainable Information, jistiednek tie\u0127u parti f\u2019 programm ta\u2019 ta\u0127ri\u0121 ta\u2019 jumejn fil-\u0121urnali\u017cmu investigattiv li \u0127a jisir fil-bidu ta\u2019 Ottubru. It-ta\u0127ri\u0121 huwa bla \u0127las u se jing\u0127ata&nbsp; bl-Ingli\u017c. [&hellip;]<\/p>",
        "protected": false
    },
    "author": 1,
    "featured_media": 5996,
    "comment_status": "closed",
    "ping_status": "open",
    "sticky": false,
    "template": "",
    "format": "standard",
    "meta": {
        "site-sidebar-layout": "default",
        "site-content-layout": "",
        "ast-site-content-layout": "default",
        "site-content-style": "default",
        "site-sidebar-style": "default",
        "ast-global-header-display": "",
        "ast-banner-title-visibility": "",
        "ast-main-header-display": "",
        "ast-hfb-above-header-display": "",
        "ast-hfb-below-header-display": "",
        "ast-hfb-mobile-header-display": "",
        "site-post-title": "",
        "ast-breadcrumbs-content": "",
        "ast-featured-img": "",
        "footer-sml-layout": "",
        "ast-disable-related-posts": "",
        "theme-transparent-header-meta": "",
        "adv-header-id-meta": "",
        "stick-header-meta": "",
        "header-above-stick-meta": "",
        "header-main-stick-meta": "",
        "header-below-stick-meta": "",
        "astra-migrate-meta-layouts": "default",
        "ast-page-background-enabled": "default",
        "ast-page-background-meta": {
            "desktop": {
                "background-color": "",
                "background-image": "",
                "background-repeat": "repeat",
                "background-position": "center center",
                "background-size": "auto",
                "background-attachment": "scroll",
                "background-type": "",
                "background-media": "",
                "overlay-type": "",
                "overlay-color": "",
                "overlay-opacity": "",
                "overlay-gradient": ""
            },
            "tablet": {
                "background-color": "",
                "background-image": "",
                "background-repeat": "repeat",
                "background-position": "center center",
                "background-size": "auto",
                "background-attachment": "scroll",
                "background-type": "",
                "background-media": "",
                "overlay-type": "",
                "overlay-color": "",
                "overlay-opacity": "",
                "overlay-gradient": ""
            },
            "mobile": {
                "background-color": "",
                "background-image": "",
                "background-repeat": "repeat",
                "background-position": "center center",
                "background-size": "auto",
                "background-attachment": "scroll",
                "background-type": "",
                "background-media": "",
                "overlay-type": "",
                "overlay-color": "",
                "overlay-opacity": "",
                "overlay-gradient": ""
            }
        },
        "ast-content-background-meta": {
            "desktop": {
                "background-color": "var(--ast-global-color-5)",
                "background-image": "",
                "background-repeat": "repeat",
                "background-position": "center center",
                "background-size": "auto",
                "background-attachment": "scroll",
                "background-type": "",
                "background-media": "",
                "overlay-type": "",
                "overlay-color": "",
                "overlay-opacity": "",
                "overlay-gradient": ""
            },
            "tablet": {
                "background-color": "var(--ast-global-color-5)",
                "background-image": "",
                "background-repeat": "repeat",
                "background-position": "center center",
                "background-size": "auto",
                "background-attachment": "scroll",
                "background-type": "",
                "background-media": "",
                "overlay-type": "",
                "overlay-color": "",
                "overlay-opacity": "",
                "overlay-gradient": ""
            },
            "mobile": {
                "background-color": "var(--ast-global-color-5)",
                "background-image": "",
                "background-repeat": "repeat",
                "background-position": "center center",
                "background-size": "auto",
                "background-attachment": "scroll",
                "background-type": "",
                "background-media": "",
                "overlay-type": "",
                "overlay-color": "",
                "overlay-opacity": "",
                "overlay-gradient": ""
            }
        },
        "footnotes": ""
    },
    "categories": [
        1
    ],
    "tags": [],
    "class_list": [
        "post-7917",
        "post",
        "type-post",
        "status-publish",
        "format-standard",
        "has-post-thumbnail",
        "hentry",
        "category-uncategorized"
    ],
    "_links": {
        "self": [
            {
                "href": "https:\/\/repubblika.org\/en\/wp-json\/wp\/v2\/posts\/7917",
                "targetHints": {
                    "allow": [
                        "GET"
                    ]
                }
            }
        ],
        "collection": [
            {
                "href": "https:\/\/repubblika.org\/en\/wp-json\/wp\/v2\/posts"
            }
        ],
        "about": [
            {
                "href": "https:\/\/repubblika.org\/en\/wp-json\/wp\/v2\/types\/post"
            }
        ],
        "author": [
            {
                "embeddable": true,
                "href": "https:\/\/repubblika.org\/en\/wp-json\/wp\/v2\/users\/1"
            }
        ],
        "replies": [
            {
                "embeddable": true,
                "href": "https:\/\/repubblika.org\/en\/wp-json\/wp\/v2\/comments?post=7917"
            }
        ],
        "version-history": [
            {
                "count": 0,
                "href": "https:\/\/repubblika.org\/en\/wp-json\/wp\/v2\/posts\/7917\/revisions"
            }
        ],
        "wp:featuredmedia": [
            {
                "embeddable": true,
                "href": "https:\/\/repubblika.org\/en\/wp-json\/wp\/v2\/media\/5996"
            }
        ],
        "wp:attachment": [
            {
                "href": "https:\/\/repubblika.org\/en\/wp-json\/wp\/v2\/media?parent=7917"
            }
        ],
        "wp:term": [
            {
                "taxonomy": "category",
                "embeddable": true,
                "href": "https:\/\/repubblika.org\/en\/wp-json\/wp\/v2\/categories?post=7917"
            },
            {
                "taxonomy": "post_tag",
                "embeddable": true,
                "href": "https:\/\/repubblika.org\/en\/wp-json\/wp\/v2\/tags?post=7917"
            }
        ],
        "curies": [
            {
                "name": "wp",
                "href": "https:\/\/api.w.org\/{rel}",
                "templated": true
            }
        ]
    }
}