{
    "id": 7913,
    "date": "2024-04-15T11:54:09",
    "date_gmt": "2024-04-15T09:54:09",
    "guid": {
        "rendered": "https:\/\/repubblika.org\/?st-import=93cb4c4e7505a6837d1824cd697e4069"
    },
    "modified": "2024-04-15T11:54:09",
    "modified_gmt": "2024-04-15T09:54:09",
    "slug": "niccelebraw-il-hajja-u-x-xoghol-ta-gurnalista-investigattiva-qalbiena-2",
    "status": "publish",
    "type": "post",
    "link": "https:\/\/repubblika.org\/en\/niccelebraw-il-hajja-u-x-xoghol-ta-gurnalista-investigattiva-qalbiena-2\/",
    "title": {
        "rendered": "Ni\u010b\u010belebraw il-\u0126ajja u x-Xog\u0127ol ta\\&#8217; \u0120urnalista Investigattiva Qalbiena"
    },
    "content": {
        "rendered": "<div class=\\\"wp-block-uagb-blockquote uagb-block-996207c0 uagb-blockquote__skin-border uagb-blockquote__stack-img-none\\\"><blockquote class=\\\"uagb-blockquote\\\"><div class=\\\"uagb-blockquote__content\\\">\\&#8221;<span style=\\\"font-size: revert; color: initial;\\\">The fact that a view is held by large numbers of people does not make it right.<\/span>\\&#8221;<\/div><footer><div class=\\\"uagb-blockquote__author-wrap uagb-blockquote__author-at-left\\\"><cite class=\\\"uagb-blockquote__author\\\">Daphne Caruana Galizia<\/cite><\/div><\/footer><\/blockquote><\/div>\n\n\n\n<div style=\\\"height:40px\\\" aria-hidden=\\\"true\\\" class=\\\"wp-block-spacer\\\"><\/div>\n\n\n\n<p class=\"wp-block-paragraph\">\ud83c\udf3f Ing\u0127aqad mag\u0127na nhar it-Tlieta 16 ta\\&#8217; April biex ni\u010b\u010belebraw u nonoraw il-\u0127ajja u x-xog\u0127ol ta\\&#8217; \u0121urnalista investigattiva qalbiena li \u0127allset l-og\u0127la prezz b\\&#8217;\u0127ajjitha g\u0127ax \u0127abbet lil pajji\u017cna.<\/p>\n\n\n\n<p class=\"wp-block-paragraph\">1\ufe0f\u20e3 <strong>Quddiesa <em>In Memoriam<\/em><\/strong><br>\ud83d\udccd Knisja ta\\&#8217; San Fran\u0121isk t\\&#8217;Assisi, Valletta<br>\u23f0\ufe0f 6.00 p.m.<br>I\u010b\u010belebrata minn Mgr Joseph Bajada<\/p>\n\n\n\n<p class=\"wp-block-paragraph\">2\ufe0f\u20e3 <strong>Velja g\u0127all-Verit\u00e0 u l-\u0120ustizzja<\/strong><br>\ud83d\udccd Misra\u0127 l-Assedju l-Kbir, Valletta<br>\u23f0\ufe0f 7.00 p.m.<\/p>\n\n\n\n<p class=\"wp-block-paragraph\">\ud83c\udfa4 <strong>Kelliema<\/strong><br>Vicki Ann Cremona<br>Caoilfhionn Gallagher KC<br>Colm Regan<br>Martina Farrugia<\/p>\n\n\n\n<p class=\"wp-block-paragraph\">\ud83c\udfa4<strong> Comp\u00e8re<\/strong>: Alessandra Dee Crespo<\/p>\n\n\n\n<p class=\"wp-block-paragraph\">\ud83d\udcf8 Jon Borg<\/p>\n\n\n\n<h4 class=\"wp-block-heading\">Il-kelliema mistiedna:<\/h4>\n\n\n\n<div class=\\\"wp-block-uagb-image alignleft uagb-block-4ee50957 wp-block-uagb-image--layout-default wp-block-uagb-image--effect-static wp-block-uagb-image--align-left\\\"><figure class=\\\"wp-block-uagb-image__figure\\\"><img srcset=\\\"https:\/\/repubblika.org\/wp-content\/uploads\/2024\/04\/caoilfhionn_gallagher_new_headshot-1.jpg ,https:><\/figure><\/div>\n\n\n\n<p class=\"wp-block-paragraph\"><strong>Caoilfhionn Gallagher<\/strong> KC hija avukat internazzjonali tad-drittijiet tal-bniedem u espert fir-responsabbilt\u00e0 ta\\&#8217; reati kontra l-\u0121urnalisti. Hija tmexxi t-timijiet legali internazzjonali g\u0127all-familja mwarrba tal-\u0121urnalista Maltija Daphne Caruana Galizia; g\u0127all-pubblikatur ta\u2019 Hong Kong u l-attivist favur id-demokrazija Jimmy Lai; g\u0127al mijiet ta\u2019 \u0121urnalisti tal-<em>BBC News Persian<\/em> u tal-<em>Iran International<\/em> fil-mira transnazzjonali tal-Iran; u (b\u2019mod kon\u0121unt ma\u2019 Amal Clooney) g\u0127al Maria Ressa, il-\u0121urnalista rebbie\u0127a tal-Premju Nobel g\u0127all-Pa\u010bi fil-Filippini.<\/p>\n\n\n\n<p class=\"wp-block-paragraph\">Caoilfhionn tat evidenza esperta lill-Qorti Inter-Amerikana tad-Drittijiet tal-Bniedem dwar il-vjolenza sessista u r-riskji g\u0127all-\u0121urnalisti nisa, u dwar is-sikurezza tal-\u0121urnalisti g\u0127all-inkjesti Parlamentari fir-Renju Unit, l-Irlanda, il-Kanada, l-Awstralja, il-Kunsill tal-Ewropa, u lill-UNESCO.<\/p>\n\n\n\n<p class=\"wp-block-paragraph\">Caoilfhionn ta\u0121ixxi wkoll f\u2019\u0127afna ka\u017cijiet li jinvolvu detenzjoni arbitrarja: hija assigurat il-\u0127elsien ta\u2019 \u0121urnalisti, <em>cartoonists <\/em>u difensuri tad-drittijiet tal-bniedem li ntbag\u0127tu l-\u0127abs f\u2019pajji\u017ci madwar id-dinja fosthom l-Iran, l-Iraq, l-Arabja Sawdija, l-UAE, l-E\u0121ittu, il-Ginea Ekwatorjali u l-Pakistan.<\/p>\n\n\n\n<p class=\"wp-block-paragraph\">Caoilfhionn hija wkoll Kummissarju tal-Kummissjoni Irlandi\u017ca g\u0127ad-Drittijiet tal-Bniedem u l-Ugwaljanza; ir-<em>Rapporteur <\/em>Spe\u010bjali tal-Irlanda dwar il-Protezzjoni tat-tfal; <em>Adjunct Full Professor<\/em> fil-<em>University College Dublin<\/em>; u membru tal-Bord tas-CPJ. F\u2019Jannar 2024 hija ng\u0127atat il-Premju tas-Servizz distint tal-President tal-Irlanda.<\/p>\n\n\n\n<div class=\\\"wp-block-uagb-image alignleft uagb-block-c68fcda7 wp-block-uagb-image--layout-default wp-block-uagb-image--effect-static wp-block-uagb-image--align-left\\\"><figure class=\\\"wp-block-uagb-image__figure\\\"><img srcset=\\\"https:\/\/repubblika.org\/wp-content\/uploads\/2024\/04\/image-150x150.png ,https:><\/figure><\/div>\n\n\n\n<p class=\"wp-block-paragraph\"><strong>Colm Regan<\/strong> huwa gradwat tal-<em>University College Dublin<\/em> bi kwalifiki <em>post-graduate<\/em> minn <em>Simon Fraser University<\/em>, Vancouver (MA), u <em>McGill University<\/em>, Montreal (PhD).<\/p>\n\n\n\n<p class=\"wp-block-paragraph\">Huwa \u0127adem b\u2019mod estensiv fuq kwistjonijiet tad-drittijiet tal-bniedem fl-Irlanda, l-Irlanda ta\u2019 fuq, i\u017c-\u017bambja, ir-Rwanda, il-Bra\u017cil, u l-Awstralja.<\/p>\n\n\n\n<p class=\"wp-block-paragraph\">Qabel, Colm kien Koordinatur tal-<em>Irish NGO 80:20 Educating and acting for a Better World<\/em> u ilu jg\u0127ix u ja\u0127dem f\u2019G\u0127awdex, Malta \u2013 jg\u0127allem, jikteb, u jippubblika.<\/p>\n\n\n\n<p class=\"wp-block-paragraph\">F\u2019dawn l-a\u0127\u0127ar snin, Colm kien membru tal-Kumitat E\u017cekuttiv tan-Netwerk Ewro-Mediterranju g\u0127ad-Drittijiet tal-Bniedem u President tal-Grupp ta\u2019 \u0126idma tieg\u0127u dwar l-Edukazzjoni dwar id-Drittijiet tal-Bniedem.<\/p>\n\n\n\n<p class=\"wp-block-paragraph\">Colm ippubblika b\u2019mod wiesa\u2019 u huwa koeditur tal-i\u017cvilupp internazzjonali u l-I\u017cvilupp tal-80:20 tar-ri\u017corsi tad-drittijiet tal-bniedem f\u2019dinja inugwali, issa fit-8 edizzjoni tieg\u0127u.<\/p>\n\n\n\n<p class=\"wp-block-paragraph\">B\u0127alissa Colm huwa <em>visiting Lecturer<\/em> fi\u010b-\u010aentru g\u0127all-istudju u l-prattika tar-Ri\u017coluzzjoni tal-konflitti, l-Universit\u00e0 ta\u2019 Malta u huwa wkoll <em>columnist <\/em>regolari mat-Times of Malta.<\/p>",
        "protected": false
    },
    "excerpt": {
        "rendered": "<p>\ud83c\udf3f Ing\u0127aqad mag\u0127na nhar it-Tlieta 16 ta\\&#8217; April biex ni\u010b\u010belebraw u nonoraw il-\u0127ajja u x-xog\u0127ol ta\\&#8217; \u0121urnalista investigattiva qalbiena li \u0127allset l-og\u0127la prezz b\\&#8217;\u0127ajjitha g\u0127ax \u0127abbet lil pajji\u017cna. 1\ufe0f\u20e3 Quddiesa In Memoriam\ud83d\udccd Knisja ta\\&#8217; San Fran\u0121isk t\\&#8217;Assisi, Valletta\u23f0\ufe0f 6.00 p.m.I\u010b\u010belebrata minn Mgr Joseph Bajada 2\ufe0f\u20e3 Velja g\u0127all-Verit\u00e0 u l-\u0120ustizzja\ud83d\udccd Misra\u0127 l-Assedju l-Kbir, Valletta\u23f0\ufe0f 7.00 p.m. [&hellip;]<\/p>",
        "protected": false
    },
    "author": 1,
    "featured_media": 5131,
    "comment_status": "closed",
    "ping_status": "open",
    "sticky": false,
    "template": "",
    "format": "standard",
    "meta": {
        "site-sidebar-layout": "default",
        "site-content-layout": "",
        "ast-site-content-layout": "default",
        "site-content-style": "default",
        "site-sidebar-style": "default",
        "ast-global-header-display": "",
        "ast-banner-title-visibility": "",
        "ast-main-header-display": "",
        "ast-hfb-above-header-display": "",
        "ast-hfb-below-header-display": "",
        "ast-hfb-mobile-header-display": "",
        "site-post-title": "",
        "ast-breadcrumbs-content": "",
        "ast-featured-img": "",
        "footer-sml-layout": "",
        "ast-disable-related-posts": "",
        "theme-transparent-header-meta": "",
        "adv-header-id-meta": "",
        "stick-header-meta": "",
        "header-above-stick-meta": "",
        "header-main-stick-meta": "",
        "header-below-stick-meta": "",
        "astra-migrate-meta-layouts": "default",
        "ast-page-background-enabled": "default",
        "ast-page-background-meta": {
            "desktop": {
                "background-color": "",
                "background-image": "",
                "background-repeat": "repeat",
                "background-position": "center center",
                "background-size": "auto",
                "background-attachment": "scroll",
                "background-type": "",
                "background-media": "",
                "overlay-type": "",
                "overlay-color": "",
                "overlay-opacity": "",
                "overlay-gradient": ""
            },
            "tablet": {
                "background-color": "",
                "background-image": "",
                "background-repeat": "repeat",
                "background-position": "center center",
                "background-size": "auto",
                "background-attachment": "scroll",
                "background-type": "",
                "background-media": "",
                "overlay-type": "",
                "overlay-color": "",
                "overlay-opacity": "",
                "overlay-gradient": ""
            },
            "mobile": {
                "background-color": "",
                "background-image": "",
                "background-repeat": "repeat",
                "background-position": "center center",
                "background-size": "auto",
                "background-attachment": "scroll",
                "background-type": "",
                "background-media": "",
                "overlay-type": "",
                "overlay-color": "",
                "overlay-opacity": "",
                "overlay-gradient": ""
            }
        },
        "ast-content-background-meta": {
            "desktop": {
                "background-color": "var(--ast-global-color-5)",
                "background-image": "",
                "background-repeat": "repeat",
                "background-position": "center center",
                "background-size": "auto",
                "background-attachment": "scroll",
                "background-type": "",
                "background-media": "",
                "overlay-type": "",
                "overlay-color": "",
                "overlay-opacity": "",
                "overlay-gradient": ""
            },
            "tablet": {
                "background-color": "var(--ast-global-color-5)",
                "background-image": "",
                "background-repeat": "repeat",
                "background-position": "center center",
                "background-size": "auto",
                "background-attachment": "scroll",
                "background-type": "",
                "background-media": "",
                "overlay-type": "",
                "overlay-color": "",
                "overlay-opacity": "",
                "overlay-gradient": ""
            },
            "mobile": {
                "background-color": "var(--ast-global-color-5)",
                "background-image": "",
                "background-repeat": "repeat",
                "background-position": "center center",
                "background-size": "auto",
                "background-attachment": "scroll",
                "background-type": "",
                "background-media": "",
                "overlay-type": "",
                "overlay-color": "",
                "overlay-opacity": "",
                "overlay-gradient": ""
            }
        },
        "footnotes": ""
    },
    "categories": [
        1
    ],
    "tags": [],
    "class_list": [
        "post-7913",
        "post",
        "type-post",
        "status-publish",
        "format-standard",
        "has-post-thumbnail",
        "hentry",
        "category-uncategorized"
    ],
    "_links": {
        "self": [
            {
                "href": "https:\/\/repubblika.org\/en\/wp-json\/wp\/v2\/posts\/7913",
                "targetHints": {
                    "allow": [
                        "GET"
                    ]
                }
            }
        ],
        "collection": [
            {
                "href": "https:\/\/repubblika.org\/en\/wp-json\/wp\/v2\/posts"
            }
        ],
        "about": [
            {
                "href": "https:\/\/repubblika.org\/en\/wp-json\/wp\/v2\/types\/post"
            }
        ],
        "author": [
            {
                "embeddable": true,
                "href": "https:\/\/repubblika.org\/en\/wp-json\/wp\/v2\/users\/1"
            }
        ],
        "replies": [
            {
                "embeddable": true,
                "href": "https:\/\/repubblika.org\/en\/wp-json\/wp\/v2\/comments?post=7913"
            }
        ],
        "version-history": [
            {
                "count": 0,
                "href": "https:\/\/repubblika.org\/en\/wp-json\/wp\/v2\/posts\/7913\/revisions"
            }
        ],
        "wp:featuredmedia": [
            {
                "embeddable": true,
                "href": "https:\/\/repubblika.org\/en\/wp-json\/wp\/v2\/media\/5131"
            }
        ],
        "wp:attachment": [
            {
                "href": "https:\/\/repubblika.org\/en\/wp-json\/wp\/v2\/media?parent=7913"
            }
        ],
        "wp:term": [
            {
                "taxonomy": "category",
                "embeddable": true,
                "href": "https:\/\/repubblika.org\/en\/wp-json\/wp\/v2\/categories?post=7913"
            },
            {
                "taxonomy": "post_tag",
                "embeddable": true,
                "href": "https:\/\/repubblika.org\/en\/wp-json\/wp\/v2\/tags?post=7913"
            }
        ],
        "curies": [
            {
                "name": "wp",
                "href": "https:\/\/api.w.org\/{rel}",
                "templated": true
            }
        ]
    }
}