{
    "id": 6471,
    "date": "2024-11-24T17:56:00",
    "date_gmt": "2024-11-24T16:56:00",
    "guid": {
        "rendered": "https:\/\/repubblika.org\/?st-import=16b73db4109780aca077cc883edb6fb3"
    },
    "modified": "2024-11-24T17:56:00",
    "modified_gmt": "2024-11-24T16:56:00",
    "slug": "il-pagna-tal-president-4",
    "status": "publish",
    "type": "post",
    "link": "https:\/\/repubblika.org\/en\/il-pagna-tal-president-4\/",
    "title": {
        "rendered": "Pa\u0121na tal-President"
    },
    "content": {
        "rendered": "<p class=\"\\&quot;has-small-font-size\\&quot; wp-block-paragraph\">\ud83d\udcf8<em>newsbook<\/em><\/p>\n\n\n\n<h3 class=\"wp-block-heading\"><strong>L-Ispirtu tal-Milied?<\/strong><\/h3>\n\n\n\n<p class=\"wp-block-paragraph\">Biex ji\u0121\u0121ustifikaw is-si\u0121ra li \u0121iet armata quddiem il-parlament g\u0127all-milied, hawn min sostna li t-ti\u017cjin tag\u0127ha \u0121ie ispirat mill-poe\u017cija \u201cIl-Kebbies tal-Fanali\u201d ta\u2019 Anton Buttigieg, poeta, li kien ukoll politiku u \u0127assieb. F\u2019din il-poe\u017cija, il-poeta jitkellem fuqu nnifsu waqt li josserva ra\u0121el, Majsi, li kuljum ji\u0121i jixg\u0127el il-fanali tat-triq meta ma\u2019 n\u017cul ix-xemx id-dawl jibda jonqos. Il-poeta jqabbel id-dawl li qieg\u0127ed imajna ma\\&#8217; \u0127ajtu li waslet lejn it-tmiem tag\u0127ha. Jg\u0127id li dik l-azzjoni tal-kebbies tal-fanali tispirah u kif id-dawl tal-fanali jtaffi d-diqa tal-lejl, il-poe\u017cija, li qisha jaraha tielg\u0127a mas-sellun ta\u2019 Majsi, tixg\u0127el fih dawl ta\u2019 tama: \u201cilli jtaffi ftit id-diqa, sa ma jmut ta\u2019 \u0127ajti l-fdal\u201d.<\/p>\n\n\n\n<p class=\"wp-block-paragraph\">Poe\u017cija \u0121entili, b\u2019lingwa\u0121\u0121 mieles, ta\u2019 ra\u0121el qieg\u0127ed jipprepara ru\u0127hu g\u0127all-mewt. It-ton \u0127elu tag\u0127ha \u0121ie kompletament iddisprezzat u ttradut mill-volgarit\u00e0 u l-kruha ta\u2019 dik is-si\u0121ra mostru li t\u0127abbat wi\u010b\u010bek mag\u0127ha kif tid\u0127ol il-Belt, flimkien ma\\&#8217; dawk il-kruha l-o\u0127ra ta\u2019 \u201cplanters\u201d li taparsi isebb\u0127u d-da\u0127la tal-Belt kapitali tag\u0127na, i\u017cda mhuma xejn aktar minn mezz biex inaqqas l-ispazju f\u2019kas ta\u2019 protesti. Huwa ovvju li jekk dawk li \u0127asbu f\u2019din is-si\u0121ra almenu il-poe\u017cija qrawha, ma fehmu xejn.<\/p>\n\n\n\n<p class=\"wp-block-paragraph\">I\u017cda t-tema ta\u2019 tama hija wa\u0127da li hija marbuta tassew mal-milied. U meta na\u0127seb f\u2019din it-tema, ma nistax nieqaf na\u0127seb fuq dawk li tama ftit baqg\u0127alhom. Per e\u017cempju, dawk kollha li l-ftit li g\u0127andhom insterqilhom mill-\u0127ni\u017crija ta\u2019 o\u0127rajn: il-morda gravi b\u2019kancer jew mard ie\u0127or, dawk li g\u0127andhom di\u017cabilit\u00e0 severa, dawk li qeg\u0127din jorqdu f\u2019garaxxijiet, jew fit-triq. U ma nistax ma na\u0127sibx f\u2019dawk il-povra r\u0121iel mill-Ethiopia li wara li ilhom hawn snin twal jikkontribwixxu lejn l-ekonomija tag\u0127na, li qatt ma g\u0127amlu farka deni lill-Maltin, anzi taw xog\u0127olhom lis-socjeta\u2019 Maltija, li qeg\u0127din in\u0121ustament f\u2019\u0127abs jistennew li l-gvern tag\u0127na je\u0127odhom lura pajji\u017chom, lura lejn l-g\u0127aks u l-gwerra li \u0127arbu minnhom. Tant huma onesti dawn in-nies li anke s-sidien tag\u0127hom fuq ix-xog\u0127ol kellhom il-kura\u0121\u0121 li jitkellmu g\u0127alihom.<\/p>\n\n\n\n<p class=\"wp-block-paragraph\">Forsi ta\u2019 min, fuq dawk it-twieqi ta\u2019 dik is-si\u0121ra kerha, nqieg\u0127du l-ucu\u0127 ta\u2019 dawn il-vittmi, \u0127alli nfakkru il-kruha tat-tbatija u tan-nuqqas ta\u2019 tama ta\u2019 persuni li qeg\u0127din jirriskjaw li jmorru lejn mewthom. I\u017cda din id-darba m\u2019hemmx Majsi biex i\u0121ibilhom xi xaqq ta\u2019 dawl. It-tama tag\u0127hom u tag\u0127na qeg\u0127da biss li xi \u0127add f\u2019dan il-perjodu jibda jirra\u0121una b\u2019mod uman u umanitarju.<\/p>\n\n\n\n<p class=\"wp-block-paragraph\">Vicki Ann Cremona<br>President<\/p>",
        "protected": false
    },
    "excerpt": {
        "rendered": "<p>\ud83d\udcf8newsbook L-Ispirtu tal-Milied? Biex ji\u0121\u0121ustifikaw is-si\u0121ra li \u0121iet armata quddiem il-parlament g\u0127all-milied, hawn min sostna li t-ti\u017cjin tag\u0127ha \u0121ie ispirat mill-poe\u017cija \u201cIl-Kebbies tal-Fanali\u201d ta\u2019 Anton Buttigieg, poeta, li kien ukoll politiku u \u0127assieb. F\u2019din il-poe\u017cija, il-poeta jitkellem fuqu nnifsu waqt li josserva ra\u0121el, Majsi, li kuljum ji\u0121i jixg\u0127el il-fanali tat-triq meta ma\u2019 n\u017cul ix-xemx id-dawl [&hellip;]<\/p>",
        "protected": false
    },
    "author": 6,
    "featured_media": 6472,
    "comment_status": "closed",
    "ping_status": "open",
    "sticky": false,
    "template": "",
    "format": "standard",
    "meta": {
        "site-sidebar-layout": "default",
        "site-content-layout": "",
        "ast-site-content-layout": "default",
        "site-content-style": "default",
        "site-sidebar-style": "default",
        "ast-global-header-display": "",
        "ast-banner-title-visibility": "",
        "ast-main-header-display": "",
        "ast-hfb-above-header-display": "",
        "ast-hfb-below-header-display": "",
        "ast-hfb-mobile-header-display": "",
        "site-post-title": "",
        "ast-breadcrumbs-content": "",
        "ast-featured-img": "",
        "footer-sml-layout": "",
        "ast-disable-related-posts": "",
        "theme-transparent-header-meta": "",
        "adv-header-id-meta": "",
        "stick-header-meta": "",
        "header-above-stick-meta": "",
        "header-main-stick-meta": "",
        "header-below-stick-meta": "",
        "astra-migrate-meta-layouts": "default",
        "ast-page-background-enabled": "default",
        "ast-page-background-meta": {
            "desktop": {
                "background-color": "",
                "background-image": "",
                "background-repeat": "repeat",
                "background-position": "center center",
                "background-size": "auto",
                "background-attachment": "scroll",
                "background-type": "",
                "background-media": "",
                "overlay-type": "",
                "overlay-color": "",
                "overlay-opacity": "",
                "overlay-gradient": ""
            },
            "tablet": {
                "background-color": "",
                "background-image": "",
                "background-repeat": "repeat",
                "background-position": "center center",
                "background-size": "auto",
                "background-attachment": "scroll",
                "background-type": "",
                "background-media": "",
                "overlay-type": "",
                "overlay-color": "",
                "overlay-opacity": "",
                "overlay-gradient": ""
            },
            "mobile": {
                "background-color": "",
                "background-image": "",
                "background-repeat": "repeat",
                "background-position": "center center",
                "background-size": "auto",
                "background-attachment": "scroll",
                "background-type": "",
                "background-media": "",
                "overlay-type": "",
                "overlay-color": "",
                "overlay-opacity": "",
                "overlay-gradient": ""
            }
        },
        "ast-content-background-meta": {
            "desktop": {
                "background-color": "var(--ast-global-color-5)",
                "background-image": "",
                "background-repeat": "repeat",
                "background-position": "center center",
                "background-size": "auto",
                "background-attachment": "scroll",
                "background-type": "",
                "background-media": "",
                "overlay-type": "",
                "overlay-color": "",
                "overlay-opacity": "",
                "overlay-gradient": ""
            },
            "tablet": {
                "background-color": "var(--ast-global-color-5)",
                "background-image": "",
                "background-repeat": "repeat",
                "background-position": "center center",
                "background-size": "auto",
                "background-attachment": "scroll",
                "background-type": "",
                "background-media": "",
                "overlay-type": "",
                "overlay-color": "",
                "overlay-opacity": "",
                "overlay-gradient": ""
            },
            "mobile": {
                "background-color": "var(--ast-global-color-5)",
                "background-image": "",
                "background-repeat": "repeat",
                "background-position": "center center",
                "background-size": "auto",
                "background-attachment": "scroll",
                "background-type": "",
                "background-media": "",
                "overlay-type": "",
                "overlay-color": "",
                "overlay-opacity": "",
                "overlay-gradient": ""
            }
        },
        "footnotes": ""
    },
    "categories": [
        1
    ],
    "tags": [],
    "class_list": [
        "post-6471",
        "post",
        "type-post",
        "status-publish",
        "format-standard",
        "has-post-thumbnail",
        "hentry",
        "category-uncategorized"
    ],
    "_links": {
        "self": [
            {
                "href": "https:\/\/repubblika.org\/en\/wp-json\/wp\/v2\/posts\/6471",
                "targetHints": {
                    "allow": [
                        "GET"
                    ]
                }
            }
        ],
        "collection": [
            {
                "href": "https:\/\/repubblika.org\/en\/wp-json\/wp\/v2\/posts"
            }
        ],
        "about": [
            {
                "href": "https:\/\/repubblika.org\/en\/wp-json\/wp\/v2\/types\/post"
            }
        ],
        "author": [
            {
                "embeddable": true,
                "href": "https:\/\/repubblika.org\/en\/wp-json\/wp\/v2\/users\/6"
            }
        ],
        "replies": [
            {
                "embeddable": true,
                "href": "https:\/\/repubblika.org\/en\/wp-json\/wp\/v2\/comments?post=6471"
            }
        ],
        "version-history": [
            {
                "count": 0,
                "href": "https:\/\/repubblika.org\/en\/wp-json\/wp\/v2\/posts\/6471\/revisions"
            }
        ],
        "wp:featuredmedia": [
            {
                "embeddable": true,
                "href": "https:\/\/repubblika.org\/en\/wp-json\/wp\/v2\/media\/6472"
            }
        ],
        "wp:attachment": [
            {
                "href": "https:\/\/repubblika.org\/en\/wp-json\/wp\/v2\/media?parent=6471"
            }
        ],
        "wp:term": [
            {
                "taxonomy": "category",
                "embeddable": true,
                "href": "https:\/\/repubblika.org\/en\/wp-json\/wp\/v2\/categories?post=6471"
            },
            {
                "taxonomy": "post_tag",
                "embeddable": true,
                "href": "https:\/\/repubblika.org\/en\/wp-json\/wp\/v2\/tags?post=6471"
            }
        ],
        "curies": [
            {
                "name": "wp",
                "href": "https:\/\/api.w.org\/{rel}",
                "templated": true
            }
        ]
    }
}