{
    "id": 6373,
    "date": "2024-10-17T10:42:00",
    "date_gmt": "2024-10-17T08:42:00",
    "guid": {
        "rendered": "https:\/\/repubblika.org\/?st-import=00ce4ba2d363a3ea79575a0f3b49f29a"
    },
    "modified": "2024-10-17T10:42:00",
    "modified_gmt": "2024-10-17T08:42:00",
    "slug": "il-pagna-tal-president-3",
    "status": "publish",
    "type": "post",
    "link": "https:\/\/repubblika.org\/en\/il-pagna-tal-president-3\/",
    "title": {
        "rendered": "Pa\u0121na tal-President"
    },
    "content": {
        "rendered": "<p class=\"wp-block-paragraph\" style=\\\"font-size:14px\\\">\ud83d\udcf7 <em>Daniel Cilia<\/em><\/p>\n\n\n\n<p class=\"wp-block-paragraph\">F\u2019ismi u f\u2019isem s\u0127abi nixtieq nirringrazzja lil dawk kollha li jemmnu fil-kaw\u017ca tag\u0127na u li juru s-sapport tag\u0127hom lejn Repubblika, u b\u2019mod spe\u010bjali lilkom kollha li kontu mag\u0127na fl-attivitajiet li organizzajna dawn il-\u0121ranet biex infakkru s-seba\u2019 anniversarju mill-mewt ta\u2019 Daphne Caruana Galizia, \u0121urnalista qalbiena u kura\u0121\u0121ju\u017ca li fittxet il-verit\u00e0 anke a skapitu ta\u2019 \u0127ajjitha.<\/p>\n\n\n\n<p class=\"wp-block-paragraph\">Nirringrazzjawkom tal-fidu\u010bja tag\u0127kom fina li wrejtu b\u2019mod tant sabi\u0127 bil-pre\u017cenza tag\u0127kom il-biera\u0127 bil-lejl, sija waqt il-quddies, kif ukoll fil-mar\u010b u fil-pjazza. Ittuna \u0127afna kura\u0121\u0121 biex inkomplu flimkien fi triqitna g\u0127all-verit\u00e0 u l-\u0121ustizzja.<\/p>\n\n\n\n<p class=\"wp-block-paragraph\">Grazzi mill-qalb!<\/p>\n\n\n\n<p class=\"wp-block-paragraph\">Vicki Ann Cremona<br>President<\/p>\n\n\n\n<figure class=\\\"wp-block-image size-large\\\"><img src=\\\"https:\/\/repubblika.org\/wp-content\/uploads\/2024\/10\/WhatsApp-Image-2024-10-17-at-10.53.07_c7949dbf-768x1024.jpg\\\" alt=\\\"\\\" class=\\\"wp-image-6376\\\"\/><figcaption>\ud83d\udcf7 <em>Daniel Cilia<\/em><\/figcaption><\/figure>\n\n\n\n<figure class=\\\"wp-block-image\\\"><img src=\\\"https:\/\/scontent.fmla1-2.fna.fbcdn.net\/v\/t1.15752-9\/462547638_2194191504298700_4339097889978927105_n.jpg?_nc_cat=101&amp;ccb=1-7&amp;_nc_sid=9f807c&amp;_nc_ohc=CAx0IEZ09o0Q7kNvgFVlJcf&amp;_nc_zt=23&amp;_nc_ht=scontent.fmla1-2.fna&amp;_nc_gid=AhYuqWd7MKiA78FYj1ZOHlO&amp;oh=03_Q7cD1QFVR6sSulZ86b0-NPo_YT_N3kZqlkeyNIJ4HaF4V9OPSQ&amp;oe=67386567\\\" alt=\\\"No description available.\\\"><figcaption>\ud83d\udcf7 <em>Daniel Cilia<\/em><\/figcaption><\/figure>",
        "protected": false
    },
    "excerpt": {
        "rendered": "<p>\ud83d\udcf7 Daniel Cilia F\u2019ismi u f\u2019isem s\u0127abi nixtieq nirringrazzja lil dawk kollha li jemmnu fil-kaw\u017ca tag\u0127na u li juru s-sapport tag\u0127hom lejn Repubblika, u b\u2019mod spe\u010bjali lilkom kollha li kontu mag\u0127na fl-attivitajiet li organizzajna dawn il-\u0121ranet biex infakkru s-seba\u2019 anniversarju mill-mewt ta\u2019 Daphne Caruana Galizia, \u0121urnalista qalbiena u kura\u0121\u0121ju\u017ca li fittxet il-verit\u00e0 anke a skapitu [&hellip;]<\/p>",
        "protected": false
    },
    "author": 6,
    "featured_media": 6371,
    "comment_status": "closed",
    "ping_status": "open",
    "sticky": false,
    "template": "",
    "format": "standard",
    "meta": {
        "site-sidebar-layout": "default",
        "site-content-layout": "",
        "ast-site-content-layout": "default",
        "site-content-style": "default",
        "site-sidebar-style": "default",
        "ast-global-header-display": "",
        "ast-banner-title-visibility": "",
        "ast-main-header-display": "",
        "ast-hfb-above-header-display": "",
        "ast-hfb-below-header-display": "",
        "ast-hfb-mobile-header-display": "",
        "site-post-title": "",
        "ast-breadcrumbs-content": "",
        "ast-featured-img": "",
        "footer-sml-layout": "",
        "ast-disable-related-posts": "",
        "theme-transparent-header-meta": "",
        "adv-header-id-meta": "",
        "stick-header-meta": "",
        "header-above-stick-meta": "",
        "header-main-stick-meta": "",
        "header-below-stick-meta": "",
        "astra-migrate-meta-layouts": "default",
        "ast-page-background-enabled": "default",
        "ast-page-background-meta": {
            "desktop": {
                "background-color": "",
                "background-image": "",
                "background-repeat": "repeat",
                "background-position": "center center",
                "background-size": "auto",
                "background-attachment": "scroll",
                "background-type": "",
                "background-media": "",
                "overlay-type": "",
                "overlay-color": "",
                "overlay-opacity": "",
                "overlay-gradient": ""
            },
            "tablet": {
                "background-color": "",
                "background-image": "",
                "background-repeat": "repeat",
                "background-position": "center center",
                "background-size": "auto",
                "background-attachment": "scroll",
                "background-type": "",
                "background-media": "",
                "overlay-type": "",
                "overlay-color": "",
                "overlay-opacity": "",
                "overlay-gradient": ""
            },
            "mobile": {
                "background-color": "",
                "background-image": "",
                "background-repeat": "repeat",
                "background-position": "center center",
                "background-size": "auto",
                "background-attachment": "scroll",
                "background-type": "",
                "background-media": "",
                "overlay-type": "",
                "overlay-color": "",
                "overlay-opacity": "",
                "overlay-gradient": ""
            }
        },
        "ast-content-background-meta": {
            "desktop": {
                "background-color": "var(--ast-global-color-5)",
                "background-image": "",
                "background-repeat": "repeat",
                "background-position": "center center",
                "background-size": "auto",
                "background-attachment": "scroll",
                "background-type": "",
                "background-media": "",
                "overlay-type": "",
                "overlay-color": "",
                "overlay-opacity": "",
                "overlay-gradient": ""
            },
            "tablet": {
                "background-color": "var(--ast-global-color-5)",
                "background-image": "",
                "background-repeat": "repeat",
                "background-position": "center center",
                "background-size": "auto",
                "background-attachment": "scroll",
                "background-type": "",
                "background-media": "",
                "overlay-type": "",
                "overlay-color": "",
                "overlay-opacity": "",
                "overlay-gradient": ""
            },
            "mobile": {
                "background-color": "var(--ast-global-color-5)",
                "background-image": "",
                "background-repeat": "repeat",
                "background-position": "center center",
                "background-size": "auto",
                "background-attachment": "scroll",
                "background-type": "",
                "background-media": "",
                "overlay-type": "",
                "overlay-color": "",
                "overlay-opacity": "",
                "overlay-gradient": ""
            }
        },
        "footnotes": ""
    },
    "categories": [
        1
    ],
    "tags": [],
    "class_list": [
        "post-6373",
        "post",
        "type-post",
        "status-publish",
        "format-standard",
        "has-post-thumbnail",
        "hentry",
        "category-uncategorized"
    ],
    "_links": {
        "self": [
            {
                "href": "https:\/\/repubblika.org\/en\/wp-json\/wp\/v2\/posts\/6373",
                "targetHints": {
                    "allow": [
                        "GET"
                    ]
                }
            }
        ],
        "collection": [
            {
                "href": "https:\/\/repubblika.org\/en\/wp-json\/wp\/v2\/posts"
            }
        ],
        "about": [
            {
                "href": "https:\/\/repubblika.org\/en\/wp-json\/wp\/v2\/types\/post"
            }
        ],
        "author": [
            {
                "embeddable": true,
                "href": "https:\/\/repubblika.org\/en\/wp-json\/wp\/v2\/users\/6"
            }
        ],
        "replies": [
            {
                "embeddable": true,
                "href": "https:\/\/repubblika.org\/en\/wp-json\/wp\/v2\/comments?post=6373"
            }
        ],
        "version-history": [
            {
                "count": 0,
                "href": "https:\/\/repubblika.org\/en\/wp-json\/wp\/v2\/posts\/6373\/revisions"
            }
        ],
        "wp:featuredmedia": [
            {
                "embeddable": true,
                "href": "https:\/\/repubblika.org\/en\/wp-json\/wp\/v2\/media\/6371"
            }
        ],
        "wp:attachment": [
            {
                "href": "https:\/\/repubblika.org\/en\/wp-json\/wp\/v2\/media?parent=6373"
            }
        ],
        "wp:term": [
            {
                "taxonomy": "category",
                "embeddable": true,
                "href": "https:\/\/repubblika.org\/en\/wp-json\/wp\/v2\/categories?post=6373"
            },
            {
                "taxonomy": "post_tag",
                "embeddable": true,
                "href": "https:\/\/repubblika.org\/en\/wp-json\/wp\/v2\/tags?post=6373"
            }
        ],
        "curies": [
            {
                "name": "wp",
                "href": "https:\/\/api.w.org\/{rel}",
                "templated": true
            }
        ]
    }
}