{
    "id": 6356,
    "date": "2024-10-16T11:50:30",
    "date_gmt": "2024-10-16T09:50:30",
    "guid": {
        "rendered": "https:\/\/repubblika.org\/?st-import=9c73e4ee3d8c7129e68c8d62d25ab272"
    },
    "modified": "2024-10-16T11:50:30",
    "modified_gmt": "2024-10-16T09:50:30",
    "slug": "il-pagna-tal-president-2",
    "status": "publish",
    "type": "post",
    "link": "https:\/\/repubblika.org\/en\/il-pagna-tal-president-2\/",
    "title": {
        "rendered": "Pa\u0121na tal-President"
    },
    "content": {
        "rendered": "<p class=\"wp-block-paragraph\">Illum huwa is-seba\u2019 anniversarju mill-qtil krudili ta\u2019 persuna li qalet il-verit\u00e0. Certament Daphne Caruana Galizia qatt ma ppretendiet li kienet la qaddisa u lanqas perfetta, i\u017cda element ta\u2019 perfezzjoni kellha \u017cgur: il-kitba tag\u0127ha li kienet to\u0127ro\u0121 b\u0127ala ri\u017cultat ta\u2019 ri\u010berka spjetata g\u0127all-verit\u00e0. Daphne ma kellhiex kantunieri, kienet tikxef il-\u0127a\u017cen u l-qerq kollu li kienet tiskopri. U kliemha ma kinitx tog\u0127modhom, ma kinitx tipprova tkun diplomatika, g\u0127aliex riedet tg\u0127id l-affarjiet kif verament kienu.<\/p>\n\n\n\n<p class=\"wp-block-paragraph\">G\u0127aliex a\u0127na, kull xahar, nin\u0121abru biex ma ninsewx? G\u0127aliex a\u0127na rridu li din il-verit\u00e0 tkompli to\u0127ro\u0121. Irridu protezzjoni g\u0127all-\u0121urnalisti kura\u0121\u0121ju\u017ci li jkomplu jfittxu u jikxfu l-\u0127a\u017cen, irridu li\u0121i anti-mafia, li tipprote\u0121i lill-Malta tassew min-nies sinjuri u qarrieqa li bla skrupli jisirquha, jingannawha, u jikkorrompu lill-dawk il-mexxejja li suppost ituna l-e\u017cempju ta\u2019 onest\u00e0 u lealt\u00e0. Irridu li permezz ta\u2019 din il-li\u0121i, il-\u0121id li ji\u0121i akkwistat b\u2019mod qarrieqi jing\u0127ata lura lis-so\u010bjet\u00e0. Irridu li l-kundanni g\u0127al dawn il-pieni ma jitnaqqsu bl-ebda mod. Meta ssibu \u017c-\u017cmien, araw l-<a href=\/en\/\\\"https:\/\/repubblika.org\/video\/intervista-ma-tiberio-bentivoglio\/\\\"\/>intervista li g\u0127amlet Monique Agius lil bniedem kura\u0121\u0121ju\u017c, Tiberio Bentivoglio<\/a>, li \u0127ajtu ddedikaha ji\u0121\u0121ieled kontra l-ag\u0127ar mafja, dik l-aktar g\u0127onja li te\u017cisti fid-dinja: L-Ndrangheta. Dan jemmen li l-edukazzjoni kontra l-mafja trid tibda minn meta wie\u0127ed g\u0127adu zg\u0127ir, u g\u0127alhekk idur l-iskejjel jitkellem u j\u0127e\u0121\u0121e\u0121 li\u017c-\u017cg\u0127a\u017cag\u0127 biex ma jaqg\u0127ux g\u0127ar-rebg\u0127a tal-flus u tal-\u0127a\u017cen.<\/p>\n\n\n\n<p class=\"wp-block-paragraph\">Illum in\u0127e\u0121\u0121ukom tkunu mag\u0127na l-lejla biex turu intom ukoll li din il-qarnita mafju\u017ca li \u0127akmet lill-pajji\u017cna rridu ne\u0127ilsu minnha; li mill-politici tag\u0127na, ikunu min ikunu, ne\u017ci\u0121u lealt\u00e0 u onest\u00e0, u mhux gideb u ngann. Nitolbukom ti\u0121u mag\u0127na biex flimkien nuru li dawk li jridu l-verita u l-\u0121ustizzja huma forza importanti f\u2019dan il-pajji\u017c, li kull politiku jrid iqisha.<\/p>\n\n\n\n<p class=\"wp-block-paragraph\">Biex nobdu d-digriet li \u0127are\u0121 mill-qrati, illum m\u2019a\u0127niex se nittra\u017cmettu <em>live<\/em> il-velja tag\u0127na sabiex il-kelliema jkunu jistg\u0127u jg\u0127idu dak li jridu liberament. Nittra\u017cmettu wara li nkunu auto-\u010b\u010bensurajna l-filmati, il-bicciet li jistg\u0127u ji\u0121u mxandra. G\u0127alhekk huwa importanti \u0127afna li fis-7.00pm tkunu \u0127dejn il-knisja ta\u2019 San Fran\u0121isk il-Belt \u0127alli nibdew nimxu sal-mafkar quddiem il-Qorti. Dawk li jbatu biex jimxu jistg\u0127u jiltaqg\u0127u mag\u0127na hemmhekk.<\/p>\n\n\n\n<p class=\"wp-block-paragraph\">Nispera li narawkom lkoll il-lejla. Kif jg\u0127idu t-Taljani: \u201cL\u2019Unione fa la Forza!\u201d<\/p>\n\n\n\n<p class=\"wp-block-paragraph\">Vicki Ann Cremona<br>President<\/p>",
        "protected": false
    },
    "excerpt": {
        "rendered": "<p>Illum huwa is-seba\u2019 anniversarju mill-qtil krudili ta\u2019 persuna li qalet il-verit\u00e0. Certament Daphne Caruana Galizia qatt ma ppretendiet li kienet la qaddisa u lanqas perfetta, i\u017cda element ta\u2019 perfezzjoni kellha \u017cgur: il-kitba tag\u0127ha li kienet to\u0127ro\u0121 b\u0127ala ri\u017cultat ta\u2019 ri\u010berka spjetata g\u0127all-verit\u00e0. Daphne ma kellhiex kantunieri, kienet tikxef il-\u0127a\u017cen u l-qerq kollu li kienet tiskopri. [&hellip;]<\/p>",
        "protected": false
    },
    "author": 6,
    "featured_media": 6358,
    "comment_status": "closed",
    "ping_status": "open",
    "sticky": false,
    "template": "",
    "format": "standard",
    "meta": {
        "site-sidebar-layout": "default",
        "site-content-layout": "",
        "ast-site-content-layout": "default",
        "site-content-style": "default",
        "site-sidebar-style": "default",
        "ast-global-header-display": "",
        "ast-banner-title-visibility": "",
        "ast-main-header-display": "",
        "ast-hfb-above-header-display": "",
        "ast-hfb-below-header-display": "",
        "ast-hfb-mobile-header-display": "",
        "site-post-title": "",
        "ast-breadcrumbs-content": "",
        "ast-featured-img": "",
        "footer-sml-layout": "",
        "ast-disable-related-posts": "",
        "theme-transparent-header-meta": "",
        "adv-header-id-meta": "",
        "stick-header-meta": "",
        "header-above-stick-meta": "",
        "header-main-stick-meta": "",
        "header-below-stick-meta": "",
        "astra-migrate-meta-layouts": "default",
        "ast-page-background-enabled": "default",
        "ast-page-background-meta": {
            "desktop": {
                "background-color": "",
                "background-image": "",
                "background-repeat": "repeat",
                "background-position": "center center",
                "background-size": "auto",
                "background-attachment": "scroll",
                "background-type": "",
                "background-media": "",
                "overlay-type": "",
                "overlay-color": "",
                "overlay-opacity": "",
                "overlay-gradient": ""
            },
            "tablet": {
                "background-color": "",
                "background-image": "",
                "background-repeat": "repeat",
                "background-position": "center center",
                "background-size": "auto",
                "background-attachment": "scroll",
                "background-type": "",
                "background-media": "",
                "overlay-type": "",
                "overlay-color": "",
                "overlay-opacity": "",
                "overlay-gradient": ""
            },
            "mobile": {
                "background-color": "",
                "background-image": "",
                "background-repeat": "repeat",
                "background-position": "center center",
                "background-size": "auto",
                "background-attachment": "scroll",
                "background-type": "",
                "background-media": "",
                "overlay-type": "",
                "overlay-color": "",
                "overlay-opacity": "",
                "overlay-gradient": ""
            }
        },
        "ast-content-background-meta": {
            "desktop": {
                "background-color": "var(--ast-global-color-5)",
                "background-image": "",
                "background-repeat": "repeat",
                "background-position": "center center",
                "background-size": "auto",
                "background-attachment": "scroll",
                "background-type": "",
                "background-media": "",
                "overlay-type": "",
                "overlay-color": "",
                "overlay-opacity": "",
                "overlay-gradient": ""
            },
            "tablet": {
                "background-color": "var(--ast-global-color-5)",
                "background-image": "",
                "background-repeat": "repeat",
                "background-position": "center center",
                "background-size": "auto",
                "background-attachment": "scroll",
                "background-type": "",
                "background-media": "",
                "overlay-type": "",
                "overlay-color": "",
                "overlay-opacity": "",
                "overlay-gradient": ""
            },
            "mobile": {
                "background-color": "var(--ast-global-color-5)",
                "background-image": "",
                "background-repeat": "repeat",
                "background-position": "center center",
                "background-size": "auto",
                "background-attachment": "scroll",
                "background-type": "",
                "background-media": "",
                "overlay-type": "",
                "overlay-color": "",
                "overlay-opacity": "",
                "overlay-gradient": ""
            }
        },
        "footnotes": ""
    },
    "categories": [
        1
    ],
    "tags": [],
    "class_list": [
        "post-6356",
        "post",
        "type-post",
        "status-publish",
        "format-standard",
        "has-post-thumbnail",
        "hentry",
        "category-uncategorized"
    ],
    "_links": {
        "self": [
            {
                "href": "https:\/\/repubblika.org\/en\/wp-json\/wp\/v2\/posts\/6356",
                "targetHints": {
                    "allow": [
                        "GET"
                    ]
                }
            }
        ],
        "collection": [
            {
                "href": "https:\/\/repubblika.org\/en\/wp-json\/wp\/v2\/posts"
            }
        ],
        "about": [
            {
                "href": "https:\/\/repubblika.org\/en\/wp-json\/wp\/v2\/types\/post"
            }
        ],
        "author": [
            {
                "embeddable": true,
                "href": "https:\/\/repubblika.org\/en\/wp-json\/wp\/v2\/users\/6"
            }
        ],
        "replies": [
            {
                "embeddable": true,
                "href": "https:\/\/repubblika.org\/en\/wp-json\/wp\/v2\/comments?post=6356"
            }
        ],
        "version-history": [
            {
                "count": 0,
                "href": "https:\/\/repubblika.org\/en\/wp-json\/wp\/v2\/posts\/6356\/revisions"
            }
        ],
        "wp:featuredmedia": [
            {
                "embeddable": true,
                "href": "https:\/\/repubblika.org\/en\/wp-json\/wp\/v2\/media\/6358"
            }
        ],
        "wp:attachment": [
            {
                "href": "https:\/\/repubblika.org\/en\/wp-json\/wp\/v2\/media?parent=6356"
            }
        ],
        "wp:term": [
            {
                "taxonomy": "category",
                "embeddable": true,
                "href": "https:\/\/repubblika.org\/en\/wp-json\/wp\/v2\/categories?post=6356"
            },
            {
                "taxonomy": "post_tag",
                "embeddable": true,
                "href": "https:\/\/repubblika.org\/en\/wp-json\/wp\/v2\/tags?post=6356"
            }
        ],
        "curies": [
            {
                "name": "wp",
                "href": "https:\/\/api.w.org\/{rel}",
                "templated": true
            }
        ]
    }
}