{
    "id": 6292,
    "date": "2024-10-07T14:17:45",
    "date_gmt": "2024-10-07T12:17:45",
    "guid": {
        "rendered": "https:\/\/repubblika.org\/?st-import=99a8fcc14e17369a4939e064c77040c4"
    },
    "modified": "2024-10-07T14:17:45",
    "modified_gmt": "2024-10-07T12:17:45",
    "slug": "il-pagna-tal-president",
    "status": "publish",
    "type": "post",
    "link": "https:\/\/repubblika.org\/en\/il-pagna-tal-president\/",
    "title": {
        "rendered": "Pa\u0121na tal-President"
    },
    "content": {
        "rendered": "<p class=\"wp-block-paragraph\">Illum se nippublika silta mid-diskors li tajt lill-\u0121urnalisti waqt il-konferenza stampa li Repubblika tat nhar is-sibt 5 ta\u2019 Ottubru biex nispjega lill-membri tag\u0127na x\u2019bi \u0127siebha tag\u0127mel l-g\u0127aqda tag\u0127na biex tirrispetta l-volont\u00e0 tal-qorti. Infakkarkom li din il-konferenza ssej\u0127et biex in\u0127abbru l-attivitajiet kollha li se norganizzaw biex infakkru l-mewt ta\u2019 Daphne Caruana Galizia. Illum aktar minn qatt qabel nappellaw lilkom u lil dawk kollha ta\u2019 rieda tajba biex jippartecipaw fl-attivitajiet tag\u0127na b\u0127ala sinjal tal-importanza li kollha kemm a\u0127na nag\u0127tu lill-process demokratiku. Se ssibu darb\u2019o\u0127ra l-programm tal-attivitajiet fil-qie\u0127 ta\u2019 din il-pa\u0121na.<\/p>\n\n\n\n<p class=\"wp-block-paragraph\">Kif tafu, nhar il-Erbg\u0127a 16 ta\u2019 Ottubru huwa s-seba\u2019 anniversarju mill-qtil tal-\u0121urnalista Daphne Caruana Galizia, u b\u0127al kull sena, a\u0127na li nistennew li \u0121ustizzja issir qeg\u0127din infakkru l-\u0127ajja u x-xog\u0127ol tag\u0127ha permezz ta\u2019 serje ta\u2019 attivitajiet li qeg\u0127din norganizzaw. Il-programm kollu ta\u2019 dawn l-avvenimenti huwa mxandar fuq il-website u l-pa\u0121ni tal-facebook tag\u0127na.<\/p>\n\n\n\n<p class=\"wp-block-paragraph\">Kif tafu wkoll, Repubblika m\u2019g\u0127andhiex biss rwol ta\u2019 \u201cwatchdog\u201d fuq is-saltna tad-dritt u ta\u2019 kritika fejn u meta din ma ti\u0121ix irrispettata. G\u0127andha ukoll ir-rwol li tirrifletti u tipproponi appro\u010b\u010bi \u0121odda kif id-demokrazija ti\u0121i m\u0127arsa u s-saltna tad-dritt irrispettata. G\u0127alhekk, a\u0127na \u0127ri\u0121na dokument \u0121did li jismu : \u201cNiddefendu l-Integrita\u2019. Strate\u0121ija u Manifest kontra l-korruzzjoni\u201d.<\/p>\n\n\n\n<p class=\"wp-block-paragraph\">Kif g\u0127idt fl-introduzzjoni tieg\u0127i ta\u2019 dan il-ktejjeb, dan huwa manifest g\u0127all-alleanza tas-socjeta\u2019 civili kontra l-korruzzjoni. F\u2019demokrazija li ta\u0127dem tajjeb, is-socjet\u00e0 civili g\u0127andha rwol importanti fil-\u0121lieda kontra l-korruzzjoni. Din il-\u0121lieda m\u2019g\u0127andiex tit\u0127alla biss f\u2019idejn il-politici, li joqog\u0127du g\u0127assa ta\u2019 xulxin. Huwa g\u0127alhekk li a\u0127na erfajna l-isfida li ni\u0121\u0121ieldu kontra l-korruzzjoni b\u0127ala parti mill-missjoni tag\u0127na, u n\u0127e\u0121\u0121u lil g\u0127aqdiet o\u0127ra jipparte\u010bipaw mag\u0127na biex flimkien ikollna aktar sa\u0127\u0127a kontra l-\u0127a\u017cen u l-qerq li minnu rajna u g\u0127ad qed naraw wisq f\u2019pajji\u017cna.<\/p>\n\n\n\n<p class=\"wp-block-paragraph\">Jekk intom tift\u0127u dan il-ktejjeb tindunaw li hemm xi linji suwed li jg\u0127attu partijiet minnu. Din l-autocensura a\u0127na g\u0127amilniha fir-rispett tad-digriet ma\u0127ru\u0121 mill-Im\u0127allef Edwina Grima. Huwa g\u0127aliex a\u0127na rridu bis-s\u0127i\u0127 naraw li \u0121ustizzja issir u ma rridu bl-ebda mod inxekklu l-process tal-\u0121ustizzja, li qeg\u0127din nag\u0127mlu hekk. Dan il-ktejjeb \u0121ie stampat qabel ma \u0127are\u0121 id-digriet, u g\u0127alhekk idde\u010bidejna li ng\u0127attu dak kollu li jmur kontra l-volonta\u2019 tal-Qorti. Dan g\u0127aliex in\u0127ossu li mhuwiex importanti jekk naqblux mad-de\u010bi\u017cjoni tal-qorti jew le, imma sakemm dik hija l-ordni, a\u0127na se nobduha. G\u0127all-istess ra\u0121uni, a\u0127na rrivedejna l-programm tag\u0127na biex na\u010b\u010bertaw li ma mmorrux kontra l-volonta\u2019 tal-Qorti. G\u0127alhekk m\u2019a\u0127niex se nittra\u017cmettu c\u010berti attivitajiet tag\u0127na biex il-kelliema tag\u0127na jkunu jistg\u0127u jitkellmu liberament, u \u0127lief g\u0127all-memorjal fil-Bidnija fit-3 ta\u2019 wara nofsinhar tas-16 ta\u2019 Ottubru, dak li nitra\u017cmettu se nag\u0127mluh wara l-attivita\u2019 billi niccensuraw dak kollu li jista\u2019 jintqal u li jmur kontra d-digriet.<\/p>\n\n\n\n<figure class=\\\"wp-block-image size-large uag-hide-mob\\\"><img src=\\\"https:\/\/repubblika.org\/wp-content\/uploads\/2024\/09\/October-2024-Programme-e1727596981379-1024x598.webp\\\" alt=\\\"\\\" class=\\\"wp-image-6244\\\"\/><\/figure>\n\n\n\n<figure class=\\\"wp-block-image size-full is-resized uag-hide-desktop uag-hide-tab\\\"><img src=\\\"https:\/\/repubblika.org\/wp-content\/uploads\/2024\/09\/October-2024-Programme-for-Mobile.webp\\\" alt=\\\"\\\" class=\\\"wp-image-6250\\\" width=\\\"493\\\" height=\\\"1024\\\"\/><\/figure>\n\n\n\n<p class=\"wp-block-paragraph\">Vicki Ann Cremona<br>President<\/p>",
        "protected": false
    },
    "excerpt": {
        "rendered": "<p>Illum se nippublika silta mid-diskors li tajt lill-\u0121urnalisti waqt il-konferenza stampa li Repubblika tat nhar is-sibt 5 ta\u2019 Ottubru biex nispjega lill-membri tag\u0127na x\u2019bi \u0127siebha tag\u0127mel l-g\u0127aqda tag\u0127na biex tirrispetta l-volont\u00e0 tal-qorti. Infakkarkom li din il-konferenza ssej\u0127et biex in\u0127abbru l-attivitajiet kollha li se norganizzaw biex infakkru l-mewt ta\u2019 Daphne Caruana Galizia. Illum aktar minn qatt [&hellip;]<\/p>",
        "protected": false
    },
    "author": 6,
    "featured_media": 8265,
    "comment_status": "closed",
    "ping_status": "open",
    "sticky": false,
    "template": "",
    "format": "standard",
    "meta": {
        "site-sidebar-layout": "default",
        "site-content-layout": "",
        "ast-site-content-layout": "default",
        "site-content-style": "default",
        "site-sidebar-style": "default",
        "ast-global-header-display": "",
        "ast-banner-title-visibility": "",
        "ast-main-header-display": "",
        "ast-hfb-above-header-display": "",
        "ast-hfb-below-header-display": "",
        "ast-hfb-mobile-header-display": "",
        "site-post-title": "",
        "ast-breadcrumbs-content": "",
        "ast-featured-img": "",
        "footer-sml-layout": "",
        "ast-disable-related-posts": "",
        "theme-transparent-header-meta": "",
        "adv-header-id-meta": "",
        "stick-header-meta": "",
        "header-above-stick-meta": "",
        "header-main-stick-meta": "",
        "header-below-stick-meta": "",
        "astra-migrate-meta-layouts": "default",
        "ast-page-background-enabled": "default",
        "ast-page-background-meta": {
            "desktop": {
                "background-color": "",
                "background-image": "",
                "background-repeat": "repeat",
                "background-position": "center center",
                "background-size": "auto",
                "background-attachment": "scroll",
                "background-type": "",
                "background-media": "",
                "overlay-type": "",
                "overlay-color": "",
                "overlay-opacity": "",
                "overlay-gradient": ""
            },
            "tablet": {
                "background-color": "",
                "background-image": "",
                "background-repeat": "repeat",
                "background-position": "center center",
                "background-size": "auto",
                "background-attachment": "scroll",
                "background-type": "",
                "background-media": "",
                "overlay-type": "",
                "overlay-color": "",
                "overlay-opacity": "",
                "overlay-gradient": ""
            },
            "mobile": {
                "background-color": "",
                "background-image": "",
                "background-repeat": "repeat",
                "background-position": "center center",
                "background-size": "auto",
                "background-attachment": "scroll",
                "background-type": "",
                "background-media": "",
                "overlay-type": "",
                "overlay-color": "",
                "overlay-opacity": "",
                "overlay-gradient": ""
            }
        },
        "ast-content-background-meta": {
            "desktop": {
                "background-color": "var(--ast-global-color-5)",
                "background-image": "",
                "background-repeat": "repeat",
                "background-position": "center center",
                "background-size": "auto",
                "background-attachment": "scroll",
                "background-type": "",
                "background-media": "",
                "overlay-type": "",
                "overlay-color": "",
                "overlay-opacity": "",
                "overlay-gradient": ""
            },
            "tablet": {
                "background-color": "var(--ast-global-color-5)",
                "background-image": "",
                "background-repeat": "repeat",
                "background-position": "center center",
                "background-size": "auto",
                "background-attachment": "scroll",
                "background-type": "",
                "background-media": "",
                "overlay-type": "",
                "overlay-color": "",
                "overlay-opacity": "",
                "overlay-gradient": ""
            },
            "mobile": {
                "background-color": "var(--ast-global-color-5)",
                "background-image": "",
                "background-repeat": "repeat",
                "background-position": "center center",
                "background-size": "auto",
                "background-attachment": "scroll",
                "background-type": "",
                "background-media": "",
                "overlay-type": "",
                "overlay-color": "",
                "overlay-opacity": "",
                "overlay-gradient": ""
            }
        },
        "footnotes": ""
    },
    "categories": [
        1
    ],
    "tags": [],
    "class_list": [
        "post-6292",
        "post",
        "type-post",
        "status-publish",
        "format-standard",
        "has-post-thumbnail",
        "hentry",
        "category-uncategorized"
    ],
    "_links": {
        "self": [
            {
                "href": "https:\/\/repubblika.org\/en\/wp-json\/wp\/v2\/posts\/6292",
                "targetHints": {
                    "allow": [
                        "GET"
                    ]
                }
            }
        ],
        "collection": [
            {
                "href": "https:\/\/repubblika.org\/en\/wp-json\/wp\/v2\/posts"
            }
        ],
        "about": [
            {
                "href": "https:\/\/repubblika.org\/en\/wp-json\/wp\/v2\/types\/post"
            }
        ],
        "author": [
            {
                "embeddable": true,
                "href": "https:\/\/repubblika.org\/en\/wp-json\/wp\/v2\/users\/6"
            }
        ],
        "replies": [
            {
                "embeddable": true,
                "href": "https:\/\/repubblika.org\/en\/wp-json\/wp\/v2\/comments?post=6292"
            }
        ],
        "version-history": [
            {
                "count": 0,
                "href": "https:\/\/repubblika.org\/en\/wp-json\/wp\/v2\/posts\/6292\/revisions"
            }
        ],
        "wp:featuredmedia": [
            {
                "embeddable": true,
                "href": "https:\/\/repubblika.org\/en\/wp-json\/wp\/v2\/media\/8265"
            }
        ],
        "wp:attachment": [
            {
                "href": "https:\/\/repubblika.org\/en\/wp-json\/wp\/v2\/media?parent=6292"
            }
        ],
        "wp:term": [
            {
                "taxonomy": "category",
                "embeddable": true,
                "href": "https:\/\/repubblika.org\/en\/wp-json\/wp\/v2\/categories?post=6292"
            },
            {
                "taxonomy": "post_tag",
                "embeddable": true,
                "href": "https:\/\/repubblika.org\/en\/wp-json\/wp\/v2\/tags?post=6292"
            }
        ],
        "curies": [
            {
                "name": "wp",
                "href": "https:\/\/api.w.org\/{rel}",
                "templated": true
            }
        ]
    }
}