{
    "id": 6012,
    "date": "2024-08-07T16:43:42",
    "date_gmt": "2024-08-07T14:43:42",
    "guid": {
        "rendered": "https:\/\/repubblika.org\/?st-import=713f5f3ff5efa792d1931b8f8daba60d"
    },
    "modified": "2024-08-07T16:43:42",
    "modified_gmt": "2024-08-07T14:43:42",
    "slug": "restart-cittadini-tal-ue-kontra-l-kriminalita-organizzata",
    "status": "publish",
    "type": "post",
    "link": "https:\/\/repubblika.org\/en\/restart-cittadini-tal-ue-kontra-l-kriminalita-organizzata\/",
    "title": {
        "rendered": "RESTART &#8211; \u010aittadini tal-UE kontra l-kriminalit\u00e0 organizzata"
    },
    "content": {
        "rendered": "<p class=\"wp-block-paragraph\"><strong>Paradigma \u0121dida biex tipprote\u0121i l-valuri ewlenin tal-UE u ssa\u0127\u0127a\u0127 il-parte\u010bipazzjoni demokratika permezz tal-u\u017cu mill-\u0121did tal-assi g\u0127al skopijiet pubbli\u010bi u so\u010bjali.&nbsp;<\/strong><\/p>\n\n\n\n<p class=\"wp-block-paragraph\">RESTART hija inizjattiva \u0121dida implimentata minn Libera (IT) li tinvolvi 4 s\u0127ab Ewropej membri tan-netwerk informali Ewropew CHANCE: BASTA (BE), Eine Welt (DE), Repubblika (MT) u ACDD (RO). Il-pro\u0121ett g\u0127andu l-g\u0127an li jrawwem <strong>impenn konkret mi\u010b-\u010bittadini tal-UE f\u2019azzjonijiet ta\u2019 solidarjet\u00e0 u parte\u010bipazzjoni demokratika, sabiex ji\u0121u mi\u0121\u0121ielda l-impatti dejjem ji\u017cdiedu tal-kriminalit\u00e0 organizzata<\/strong>. Din saret aktar u aktar notevoli mill-pandemija tal-Covid-19 u l-bidu tal-kunflitt bejn ir-Russja u l-Ukrajna. I\u010b-\u010bittadini tal-UE se jikkunsidraw ir-rwol ewlieni tag\u0127hom fil-protezzjoni tad-drittijiet fundamentali u l-promozzjoni tal-\u0121ustizzja so\u010bjali, kif ukoll il-koe\u017cjoni permezz ta\u2019 parte\u010bipazzjoni fi pro\u0121etti pubbli\u010bi u so\u010bjali li jippromwovu l-wirt demokratiku, prin\u010bipalment relatat ma\u2019 assi mhux okkupati, ikkonfiskati u abbandunati. Se ji\u0121u proposti attivitajiet spe\u010bifi\u010bi skont il-kuntest spe\u010bifiku, is-su\u0121\u0121ett u l-gruppi fil-mira tal-pro\u0121ett, li kollha g\u0127andhom l-g\u0127an li jiksbu g\u0127anijiet komuni.<\/p>\n\n\n\n<p class=\"wp-block-paragraph\"><strong>G\u0126ANIJIET EWLENIN:<\/strong><\/p>\n\n\n\n<ul class=\"wp-block-list\"><li>Ting\u0127ata spinta <strong>lill-parte\u010bipazzjoni demokratika<\/strong> u ji\u017cdied <strong>l-g\u0127arfien ta\u010b-\u010bittadini dwar ir-rwol attiv tag\u0127hom<\/strong> fil-protezzjoni tad-drittijiet fundamentali u fil-promozzjoni tal-\u0121ustizzja so\u010bjali g\u0127all-promozzjoni ta\u2019 kultura ta\u2019 legalit\u00e0 demokratika u g\u0127all-parte\u010bipazzjoni fil-pro\u010bess tat-te\u0127id tad-de\u010bi\u017cjonijiet dwar il-\u0121lieda kontra l-kriminalit\u00e0 organizzata u l-korruzzjoni.<\/li><li>Ji\u0121i stabbilit <strong>djalogu demokratiku u kontinwu<\/strong> fost i\u010b-\u010bittadini \u017cg\u0127a\u017cag\u0127, il-komunitajiet tag\u0127hom, u partijiet interessati rilevanti o\u0127ra sabiex jer\u0121a jinkiseb <strong>il-kontroll tat-territorju<\/strong> \u2013 b\u0127ala l-ispazju \u0121eografiku \u2013 permezz tal-u\u017cu mill-\u0121did tal-assi g\u0127al skopijiet so\u010bjali, u ti\u0121i attivata l-kollaborazzjoni bejniethom madwar l-UE fil-qasam tal-\u0121ustizzja so\u010bjali.<\/li><\/ul>\n\n\n\n<p class=\"wp-block-paragraph\"><strong>ATTIVITAJIET TAL-PRO\u0120ETT:<\/strong><\/p>\n\n\n\n<p class=\"wp-block-paragraph\">Il-pro\u0121ett RESTART se jikkonsisti <strong>f\u2019\u20196 avvenimenti (1 forum nazzjonali u 5 kampijiet nazzjonali parte\u010bipattivi ta\u2019 bini ta\u2019 kapa\u010bitajiet)<\/strong> li jil\u0127qu mijiet ta\u2019 \u010bittadini tal-UE, G\u0127aqdiet tas-So\u010bjet\u00e0 \u010aivili (CSOs) u dawk li jfasslu l-politika nazzjonali\/tal-UE, u partijiet interessati minn kuntesti u sfondi so\u010bjali diversi.<\/p>\n\n\n\n<p class=\"wp-block-paragraph\">Il-pro\u0121ett jibda billi <strong>jimmappja l-prattiki tajbin fl-Italja dwar l-u\u017cu mill-\u0121did ta\u2019 assi kkonfiskati, mhux okkupati u abbandunati ghal skop pubbliku u so\u010bjali<\/strong>. Jipprovdi g\u0127alhekk \u0127arsa \u0121enerali lejn l-esperjenzi e\u017cistenti, u aktar tard se jiffoka fuq <strong>laqg\u0127a strate\u0121ika onlajn ta\u2019 jumejn<\/strong> indirizzata lin-netwerk ta\u2019 entitajiet ta\u2019 \u0121estjoni ta\u2019 assi kkonfiskati minn re\u0121juni Taljani differenti sabiex ji\u0121i elaborat manifest komuni dwar l-isfidi u l-opportunitajiet imqajma mill-u\u017cu mill-\u0121did tal-assi fil-pajji\u017c. Dawn il-laqg\u0127at onlajn se jiddiskutu l-istrate\u0121ija ta\u2019 rivitalizzazzjoni tal-u\u017cu mill-\u0121did tal-assi, l-g\u0127odod parte\u010bipattivi biex ji\u0121i evitat il-bejg\u0127 u l-privatizzazzjoni tal-assi kkonfiskati u l-mekkani\u017cmi ta\u2019 assenjazzjoni fl-istadju tas-sekwestru.<\/p>\n\n\n\n<p class=\"wp-block-paragraph\"><strong>L-organizzazzjoni ta\u2019 forum nazzjonali<\/strong> dwar l-u\u017cu mill-\u0121did tal-assi fl-Italja, li jinvolvi mijiet ta\u2019 parte\u010bipanti fost is-CSOs, i\u010b-\u010bittadini attivi, l-entitajiet ta\u2019 \u0121estjoni tal-assi kkonfiskati ta\u2019 re\u0121juni Taljani differenti u partijiet interessati rilevanti o\u0127ra, biex ti\u0121i diskussa l-opportunit\u00e0 mqajma mill-pubbliku u l-u\u017cu mill-\u0121did tal-assi fil-\u0121enerazzjoni ta\u2019 ekonomija aktar sostenibbli u inklu\u017civa g\u0127all-gruppi kollha tas-so\u010bjet\u00e0 u prin\u010bipalment g\u0127a\u017c-\u017cg\u0127a\u017cag\u0127. Il-manifest li n\u0127oloq waqt il-laqg\u0127at strate\u0121i\u010bi onlajn se ji\u0121i ppre\u017centat waqt dan il-forum nazzjonali dwar l-isfidi tal-u\u017cu mill-\u0121did tal-assi.<\/p>\n\n\n\n<p class=\"wp-block-paragraph\">Kull sie\u0127eb tal-pro\u0121ett RESTART (il-\u0120ermanja, Malta, ir-Rumanija, il-Bel\u0121ju, l-Italja) se jorganizza <strong>kampijiet nazzjonali parte\u010bipattivi<\/strong> ta\u2019 tliet ijiem g\u0127al bini ta\u2019 kapa\u010bitajiet miftu\u0127a li jinvolvu 20-25 parte\u010bipant bejn it-18 u l-35 sena f \u2019diversi workshops, dibattiti u \u017cjarat fuq il-post dwar is-su\u0121\u0121ett tal-u\u017cu mill-\u0121did tal-assi u l-kwistjonijiet relatati b\u0127all-valuri demokrati\u010bi, i\u010b-\u010bittadinanza attiva, il-\u0121ustizzja so\u010bjali u ambjentali, il-litteri\u017cmu medjatiku, id-diskors \u010bivili, il-\u0121lieda kontra r-reati organizzati, il-korruzzjoni u t-traffikar tal-bnedmin. Dawn il-kampijiet se jkollhom l-g\u0127an li jqajmu kuxjenza dwar is-su\u0121\u0121ett tal-u\u017cu mill-\u0121did tal-assi u l-impatt po\u017cittiv fuq il-mudell ekonomiku u so\u010bjali u l-i\u017cvilupp Komunitarju. Se tipprovdi g\u0127arfien u linji gwida dwar ir-rwol ta\u010b-\u010bittadinanza attiva fil-preservazzjoni tal-\u0121ustizzja so\u010bjali u l-koe\u017cjoni permezz tal-implimentazzjoni t\u2019 \u2019metodolo\u0121iji u attivitajiet edukattivi innovattivi mhux formali, u\u017cati strate\u0121ikament biex jift\u0127u diskussjonijiet dinami\u010bi u jinkora\u0121\u0121ixxu l-parte\u010bipazzjoni attiva fost il-parte\u010bipanti.<\/p>\n\n\n\n<p class=\"wp-block-paragraph\"><strong>Koordinatur:<\/strong> Libera. Assoazioni, Nomi e numeri contro le mafie<\/p>\n\n\n\n<p class=\"wp-block-paragraph\"><strong>\u017bvilupp tal-pro\u0121ett: <\/strong>01\/06\/24 &#8211; 31\/05\/26<\/p>\n\n\n\n<p class=\"wp-block-paragraph\"><strong>Organizzazzjonijiet imsie\u0127ba:<\/strong><\/p>\n\n\n\n<p class=\"wp-block-paragraph\"><a href=\/en\/\\\"https:\/\/acdd.ro\/\\\"\/>ACDD (ir-Rumanija)<\/a><\/p>\n\n\n\n<p class=\"wp-block-paragraph\"><a href=\/en\/\\\"https:\/\/belgianantimafia.wordpress.com\/\\\"\/>BASTA (il-Bel\u0121ju)<\/a><\/p>\n\n\n\n<p class=\"wp-block-paragraph\"><a href=\/en\/\\\"https:\/\/einewelt-leipzig.de\/en\/\\\"\/>EINE WELT (il-\u0120ermanja)<\/a><\/p>\n\n\n\n<p class=\"wp-block-paragraph\"><a href=\/en\/\\\"https:\/\/repubblika.org\/\\\"\/>Repubblika (Malta)<\/a><\/p>\n\n\n\n<p class=\"wp-block-paragraph\"><em>CERV-2023-CITIZENS-CIV RESTART &#8211; 101146600<\/em><\/p>\n\n\n\n<p class=\"wp-block-paragraph\"><em>\u201cFunded by the European Union. Views and opinions expressed are however those of the author(s) only and do not necessarily reflect those of the European Union or [name of the granting authority]. Neither the European Union nor the granting authority can be held responsible for them.\u201d<\/em><\/p>\n\n\n\n<div class=\"\\&quot;wp-block-columns\\&quot; is-layout-flex wp-container-core-columns-is-layout-7387b849 wp-block-columns-is-layout-flex\">\n<div class=\"\\&quot;wp-block-column is-layout-flow wp-block-column-is-layout-flow\" is-vertically-aligned-center\\\">\n<p class=\"\\&quot;has-text-align-center\\&quot; wp-block-paragraph\"><img src=\\\"https:\/\/lh7-rt.googleusercontent.com\/docsz\/AD_4nXfDkmiOoCi8-SiNYrv5QZPFySfDfmNFVXLZATF7J1JCNAVD4mpqAdrLAK0G_zHWO9gWML_xasQ9QGhkVoCiIjy0YgAInraDYV1vnL5TrtWaKH4V4ehfmJCEc-RXRdZMIquAyGWZIcvu4bCZiw8JJsO0kSR5?key=MpxgcCYo5KTZnTakw857WQ\\\" width=\\\"159\\\" height=\\\"137\\\"><\/p>\n<\/div>\n\n\n\n<div class=\"\\&quot;wp-block-column is-layout-flow wp-block-column-is-layout-flow\" is-vertically-aligned-center\\\">\n<p class=\"\\&quot;has-text-align-center\\&quot; wp-block-paragraph\"><a href=\/en\/\\\"https:\/\/european-union.europa.eu\/index_en\\\"\/><img width=\\\"257\\\" height=\\\"54\\\" src=\\\"https:\/\/lh7-rt.googleusercontent.com\/docsz\/AD_4nXc50dhClWZrqkFQx7MOAoY1krVDf2-udSM2wWtfTOeElyljXl5fGI6pVowQ8hBK1-lzszEFzl8EwKZgKhy6CGY4dA2kp1oH6yTec40NQ2_-7VjlATc2FAIfngZYOU7mwiaBRZbMV_mHHK_ayQQ4Cg0F6XJi?key=MpxgcCYo5KTZnTakw857WQ\\\"><\/a><\/p>\n<\/div>\n<\/div>",
        "protected": false
    },
    "excerpt": {
        "rendered": "<p>Paradigma \u0121dida biex tipprote\u0121i l-valuri ewlenin tal-UE u ssa\u0127\u0127a\u0127 il-parte\u010bipazzjoni demokratika permezz tal-u\u017cu mill-\u0121did tal-assi g\u0127al skopijiet pubbli\u010bi u so\u010bjali.&nbsp; RESTART hija inizjattiva \u0121dida implimentata minn Libera (IT) li tinvolvi 4 s\u0127ab Ewropej membri tan-netwerk informali Ewropew CHANCE: BASTA (BE), Eine Welt (DE), Repubblika (MT) u ACDD (RO). Il-pro\u0121ett g\u0127andu l-g\u0127an li jrawwem impenn konkret [&hellip;]<\/p>",
        "protected": false
    },
    "author": 6,
    "featured_media": 6009,
    "comment_status": "closed",
    "ping_status": "open",
    "sticky": false,
    "template": "",
    "format": "standard",
    "meta": {
        "site-sidebar-layout": "default",
        "site-content-layout": "",
        "ast-site-content-layout": "default",
        "site-content-style": "default",
        "site-sidebar-style": "default",
        "ast-global-header-display": "",
        "ast-banner-title-visibility": "",
        "ast-main-header-display": "",
        "ast-hfb-above-header-display": "",
        "ast-hfb-below-header-display": "",
        "ast-hfb-mobile-header-display": "",
        "site-post-title": "",
        "ast-breadcrumbs-content": "",
        "ast-featured-img": "",
        "footer-sml-layout": "",
        "ast-disable-related-posts": "",
        "theme-transparent-header-meta": "",
        "adv-header-id-meta": "",
        "stick-header-meta": "",
        "header-above-stick-meta": "",
        "header-main-stick-meta": "",
        "header-below-stick-meta": "",
        "astra-migrate-meta-layouts": "default",
        "ast-page-background-enabled": "default",
        "ast-page-background-meta": {
            "desktop": {
                "background-color": "",
                "background-image": "",
                "background-repeat": "repeat",
                "background-position": "center center",
                "background-size": "auto",
                "background-attachment": "scroll",
                "background-type": "",
                "background-media": "",
                "overlay-type": "",
                "overlay-color": "",
                "overlay-opacity": "",
                "overlay-gradient": ""
            },
            "tablet": {
                "background-color": "",
                "background-image": "",
                "background-repeat": "repeat",
                "background-position": "center center",
                "background-size": "auto",
                "background-attachment": "scroll",
                "background-type": "",
                "background-media": "",
                "overlay-type": "",
                "overlay-color": "",
                "overlay-opacity": "",
                "overlay-gradient": ""
            },
            "mobile": {
                "background-color": "",
                "background-image": "",
                "background-repeat": "repeat",
                "background-position": "center center",
                "background-size": "auto",
                "background-attachment": "scroll",
                "background-type": "",
                "background-media": "",
                "overlay-type": "",
                "overlay-color": "",
                "overlay-opacity": "",
                "overlay-gradient": ""
            }
        },
        "ast-content-background-meta": {
            "desktop": {
                "background-color": "var(--ast-global-color-5)",
                "background-image": "",
                "background-repeat": "repeat",
                "background-position": "center center",
                "background-size": "auto",
                "background-attachment": "scroll",
                "background-type": "",
                "background-media": "",
                "overlay-type": "",
                "overlay-color": "",
                "overlay-opacity": "",
                "overlay-gradient": ""
            },
            "tablet": {
                "background-color": "var(--ast-global-color-5)",
                "background-image": "",
                "background-repeat": "repeat",
                "background-position": "center center",
                "background-size": "auto",
                "background-attachment": "scroll",
                "background-type": "",
                "background-media": "",
                "overlay-type": "",
                "overlay-color": "",
                "overlay-opacity": "",
                "overlay-gradient": ""
            },
            "mobile": {
                "background-color": "var(--ast-global-color-5)",
                "background-image": "",
                "background-repeat": "repeat",
                "background-position": "center center",
                "background-size": "auto",
                "background-attachment": "scroll",
                "background-type": "",
                "background-media": "",
                "overlay-type": "",
                "overlay-color": "",
                "overlay-opacity": "",
                "overlay-gradient": ""
            }
        },
        "footnotes": ""
    },
    "categories": [
        1
    ],
    "tags": [],
    "class_list": [
        "post-6012",
        "post",
        "type-post",
        "status-publish",
        "format-standard",
        "has-post-thumbnail",
        "hentry",
        "category-uncategorized"
    ],
    "_links": {
        "self": [
            {
                "href": "https:\/\/repubblika.org\/en\/wp-json\/wp\/v2\/posts\/6012",
                "targetHints": {
                    "allow": [
                        "GET"
                    ]
                }
            }
        ],
        "collection": [
            {
                "href": "https:\/\/repubblika.org\/en\/wp-json\/wp\/v2\/posts"
            }
        ],
        "about": [
            {
                "href": "https:\/\/repubblika.org\/en\/wp-json\/wp\/v2\/types\/post"
            }
        ],
        "author": [
            {
                "embeddable": true,
                "href": "https:\/\/repubblika.org\/en\/wp-json\/wp\/v2\/users\/6"
            }
        ],
        "replies": [
            {
                "embeddable": true,
                "href": "https:\/\/repubblika.org\/en\/wp-json\/wp\/v2\/comments?post=6012"
            }
        ],
        "version-history": [
            {
                "count": 0,
                "href": "https:\/\/repubblika.org\/en\/wp-json\/wp\/v2\/posts\/6012\/revisions"
            }
        ],
        "wp:featuredmedia": [
            {
                "embeddable": true,
                "href": "https:\/\/repubblika.org\/en\/wp-json\/wp\/v2\/media\/6009"
            }
        ],
        "wp:attachment": [
            {
                "href": "https:\/\/repubblika.org\/en\/wp-json\/wp\/v2\/media?parent=6012"
            }
        ],
        "wp:term": [
            {
                "taxonomy": "category",
                "embeddable": true,
                "href": "https:\/\/repubblika.org\/en\/wp-json\/wp\/v2\/categories?post=6012"
            },
            {
                "taxonomy": "post_tag",
                "embeddable": true,
                "href": "https:\/\/repubblika.org\/en\/wp-json\/wp\/v2\/tags?post=6012"
            }
        ],
        "curies": [
            {
                "name": "wp",
                "href": "https:\/\/api.w.org\/{rel}",
                "templated": true
            }
        ]
    }
}