{
    "id": 5768,
    "date": "2024-05-22T12:16:52",
    "date_gmt": "2024-05-22T10:16:52",
    "guid": {
        "rendered": "https:\/\/repubblika.org\/?st-import=28aa89a848e4ec869f06a86b0aaf1f00"
    },
    "modified": "2024-05-22T12:16:52",
    "modified_gmt": "2024-05-22T10:16:52",
    "slug": "appell-importanti",
    "status": "publish",
    "type": "post",
    "link": "https:\/\/repubblika.org\/en\/appell-importanti\/",
    "title": {
        "rendered": "Appell Importanti"
    },
    "content": {
        "rendered": "<p class=\"wp-block-paragraph\">Repubblika tag\u0127mel appell lil dawk kollha ta\u2019 rieda tajba biex nhar it-Tlieta, 28 ta\u2019 Mejju 2024 u nhar l-Erbg\u0127a, 29 ta\u2019 Mejju 2024, <strong>ma jmorrux il-Belt fil-\u0127in meta jkunu ser jitressqu l-Qorti Joseph Muscat, Keith Schembri u o\u0127rajn<\/strong>. G\u0127al kuntrarju ta\u2019 Joseph Muscat u s-segwa\u010bi tieg\u0127u li qed isa\u0127\u0127nu l-irjus biex jevitaw il-konsegwenzi tal-g\u0127emil tieg\u0127u, il-buon ordni dejjem kien l-ewwel prijorit\u00e0 tag\u0127na kull meta organizzajna kemm veljiet kif ukoll protesti tal-massa, spe\u010bjalment dawk tal-2019 u l-a\u0127\u0127ar wa\u0127da l-\u0121img\u0127a l-o\u0127ra.<\/p>\n\n\n\n<p class=\"wp-block-paragraph\">G\u0127aldaqstant, a\u0127na ta\u2019 Repubblika ktibna lill-Kummissarju tal-Pulizija dwar dan it-t\u0127assib tag\u0127na u qed nirriprudu\u010buha hawn ta\u0127t:<\/p>\n\n\n\n<div class=\\\"wp-block-uagb-container uagb-block-5f56a065 alignfull uagb-is-root-container\\\"><div class=\\\"uagb-container-inner-blocks-wrap\\\">\n<p class=\"wp-block-paragraph\">Sur Kummissarju,<\/p>\n\n\n\n<p class=\"wp-block-paragraph\">Jiena u l-Kumitat E\u017cekuttiv ta\u2019 Repubblika qed insegwu mill-qrib dak kollu li jirrigwardja l-inkjesta ma\u0121isterjali miksuba minn Repubblika \u0127ames snin ilu dwar il-kon\u010bessjoni frawdolenti tal-isptarijiet tal-Poplu Malti.<\/p>\n\n\n\n<p class=\"wp-block-paragraph\">Nifhmu u naqblu b\u2019konvinzjoni mal-\u0127tie\u0121a li f\u2019pajji\u017cna tin\u017camm il-buon ordni f\u2019dan il-mument delikat fl-istorja ta\u2019 pajji\u017cna.<\/p>\n\n\n\n<p class=\"wp-block-paragraph\">Qed ninnutaw li wie\u0127ed mill-individwi li se jitressqu quddiem il-Qorti tal-Magistrati biex iwie\u0121bu g\u0127al akku\u017ci kriminali b\u2019rabta mal-imsemmija inkjesta kriminali, cio\u00e8 l-eks prim ministru Joseph Muscat, qed isejja\u0127 lis-segwa\u010bi tieg\u0127u biex jin\u017clu fit-toroq dakinhar li hu se jitressaq il-Qorti.<\/p>\n\n\n\n<p class=\"wp-block-paragraph\">A\u0127na konxji li din il-mobilizzazzjoni to\u0127loq sfida lill-Korp tal-Pulizija biex tin\u017camm il-buon ordni dakinhar tat-28 u d-29 ta\u2019 Mejju li \u0121ejjin, spe\u010bjalment in vista tal-kampanja ta\u2019 tixwix u gideb li wettaq u g\u0127adu qed iwettaq l-istess Joseph Muscat flimkien mal-Prim Ministru Robert Abela u esponenti o\u0127ra tal-Gvern u tal-Partit Laburista kontra membri tal-\u0121udikatura, kontra \u0121urnalisti u kontrina l-attivisti tas-so\u010bjet\u00e0 \u010bivili li ksibna l-imsemmija inkjesta.<\/p>\n\n\n\n<p class=\"wp-block-paragraph\">Inti taf ben tajjeb, g\u0127aliex anke ikkonfermajtli dan personalment, illi minkejja d-disapprovazzjoni qawwija tag\u0127na g\u0127at-tmexxija tal-Korp tal-Pulizija kemm ta\u0127t il-prede\u010bessur tieg\u0127ek Lawrence Cutajar kif ukoll ta\u0127tek, a\u0127na dejjem konna pro-attivi fl-isforz tag\u0127na biex nikkollaboraw mal-Korp tal-Pulizija fi\u017c-\u017camma tal-buon ordni f\u2019pajji\u017cna. A\u0127na kontra kull forma ta\u2019 vjolenza u g\u0127alhekk bi \u0127siebna nkomplu nag\u0127tu l-kontribut tag\u0127na biex anke f\u2019dan i\u017c-\u017cmien ta\u2019 tensjoni tin\u017camm il-buon ordni f\u2019pajji\u017cna.<\/p>\n\n\n\n<p class=\"wp-block-paragraph\">Fid-dawl ta\u2019 dan, qieg\u0127ed ninfurmak li Repubblika m\u2019hi ser torganizza l-ebda attivita\u2019 pubblika nhar it-28 u d-29 ta\u2019 Mejju li \u0121ejjin, la fil-Belt Valletta u lanqas f\u2019partijiet o\u0127ra ta\u2019 pajji\u017cna.<br>Qed ninfurmak b\u2019dan fi spirtu ta\u2019 kollaborazzjoni, sabiex il-Korp tal-Pulizija jkun f\u2019posizzjoni a\u0127jar li jaffronta dan il-mument delikat.<\/p>\n\n\n\n<p class=\"wp-block-paragraph\">Tislijiet,<\/p>\n\n\n\n<p class=\"wp-block-paragraph\">Robert Aquilina<br>President Onorarju, Repubblika<\/p>\n<\/div><\/div>\n\n\n\n<p class=\"wp-block-paragraph\"><\/p>",
        "protected": false
    },
    "excerpt": {
        "rendered": "<p>Repubblika tag\u0127mel appell lil dawk kollha ta\u2019 rieda tajba biex nhar it-Tlieta, 28 ta\u2019 Mejju 2024 u nhar l-Erbg\u0127a, 29 ta\u2019 Mejju 2024, ma jmorrux il-Belt fil-\u0127in meta jkunu ser jitressqu l-Qorti Joseph Muscat, Keith Schembri u o\u0127rajn. G\u0127al kuntrarju ta\u2019 Joseph Muscat u s-segwa\u010bi tieg\u0127u li qed isa\u0127\u0127nu l-irjus biex jevitaw il-konsegwenzi tal-g\u0127emil tieg\u0127u, [&hellip;]<\/p>",
        "protected": false
    },
    "author": 6,
    "featured_media": 5770,
    "comment_status": "closed",
    "ping_status": "open",
    "sticky": false,
    "template": "",
    "format": "standard",
    "meta": {
        "site-sidebar-layout": "default",
        "site-content-layout": "",
        "ast-site-content-layout": "default",
        "site-content-style": "default",
        "site-sidebar-style": "default",
        "ast-global-header-display": "",
        "ast-banner-title-visibility": "",
        "ast-main-header-display": "",
        "ast-hfb-above-header-display": "",
        "ast-hfb-below-header-display": "",
        "ast-hfb-mobile-header-display": "",
        "site-post-title": "",
        "ast-breadcrumbs-content": "",
        "ast-featured-img": "",
        "footer-sml-layout": "",
        "ast-disable-related-posts": "",
        "theme-transparent-header-meta": "",
        "adv-header-id-meta": "",
        "stick-header-meta": "",
        "header-above-stick-meta": "",
        "header-main-stick-meta": "",
        "header-below-stick-meta": "",
        "astra-migrate-meta-layouts": "default",
        "ast-page-background-enabled": "default",
        "ast-page-background-meta": {
            "desktop": {
                "background-color": "",
                "background-image": "",
                "background-repeat": "repeat",
                "background-position": "center center",
                "background-size": "auto",
                "background-attachment": "scroll",
                "background-type": "",
                "background-media": "",
                "overlay-type": "",
                "overlay-color": "",
                "overlay-opacity": "",
                "overlay-gradient": ""
            },
            "tablet": {
                "background-color": "",
                "background-image": "",
                "background-repeat": "repeat",
                "background-position": "center center",
                "background-size": "auto",
                "background-attachment": "scroll",
                "background-type": "",
                "background-media": "",
                "overlay-type": "",
                "overlay-color": "",
                "overlay-opacity": "",
                "overlay-gradient": ""
            },
            "mobile": {
                "background-color": "",
                "background-image": "",
                "background-repeat": "repeat",
                "background-position": "center center",
                "background-size": "auto",
                "background-attachment": "scroll",
                "background-type": "",
                "background-media": "",
                "overlay-type": "",
                "overlay-color": "",
                "overlay-opacity": "",
                "overlay-gradient": ""
            }
        },
        "ast-content-background-meta": {
            "desktop": {
                "background-color": "var(--ast-global-color-5)",
                "background-image": "",
                "background-repeat": "repeat",
                "background-position": "center center",
                "background-size": "auto",
                "background-attachment": "scroll",
                "background-type": "",
                "background-media": "",
                "overlay-type": "",
                "overlay-color": "",
                "overlay-opacity": "",
                "overlay-gradient": ""
            },
            "tablet": {
                "background-color": "var(--ast-global-color-5)",
                "background-image": "",
                "background-repeat": "repeat",
                "background-position": "center center",
                "background-size": "auto",
                "background-attachment": "scroll",
                "background-type": "",
                "background-media": "",
                "overlay-type": "",
                "overlay-color": "",
                "overlay-opacity": "",
                "overlay-gradient": ""
            },
            "mobile": {
                "background-color": "var(--ast-global-color-5)",
                "background-image": "",
                "background-repeat": "repeat",
                "background-position": "center center",
                "background-size": "auto",
                "background-attachment": "scroll",
                "background-type": "",
                "background-media": "",
                "overlay-type": "",
                "overlay-color": "",
                "overlay-opacity": "",
                "overlay-gradient": ""
            }
        },
        "footnotes": ""
    },
    "categories": [
        1
    ],
    "tags": [],
    "class_list": [
        "post-5768",
        "post",
        "type-post",
        "status-publish",
        "format-standard",
        "has-post-thumbnail",
        "hentry",
        "category-uncategorized"
    ],
    "_links": {
        "self": [
            {
                "href": "https:\/\/repubblika.org\/en\/wp-json\/wp\/v2\/posts\/5768",
                "targetHints": {
                    "allow": [
                        "GET"
                    ]
                }
            }
        ],
        "collection": [
            {
                "href": "https:\/\/repubblika.org\/en\/wp-json\/wp\/v2\/posts"
            }
        ],
        "about": [
            {
                "href": "https:\/\/repubblika.org\/en\/wp-json\/wp\/v2\/types\/post"
            }
        ],
        "author": [
            {
                "embeddable": true,
                "href": "https:\/\/repubblika.org\/en\/wp-json\/wp\/v2\/users\/6"
            }
        ],
        "replies": [
            {
                "embeddable": true,
                "href": "https:\/\/repubblika.org\/en\/wp-json\/wp\/v2\/comments?post=5768"
            }
        ],
        "version-history": [
            {
                "count": 0,
                "href": "https:\/\/repubblika.org\/en\/wp-json\/wp\/v2\/posts\/5768\/revisions"
            }
        ],
        "wp:featuredmedia": [
            {
                "embeddable": true,
                "href": "https:\/\/repubblika.org\/en\/wp-json\/wp\/v2\/media\/5770"
            }
        ],
        "wp:attachment": [
            {
                "href": "https:\/\/repubblika.org\/en\/wp-json\/wp\/v2\/media?parent=5768"
            }
        ],
        "wp:term": [
            {
                "taxonomy": "category",
                "embeddable": true,
                "href": "https:\/\/repubblika.org\/en\/wp-json\/wp\/v2\/categories?post=5768"
            },
            {
                "taxonomy": "post_tag",
                "embeddable": true,
                "href": "https:\/\/repubblika.org\/en\/wp-json\/wp\/v2\/tags?post=5768"
            }
        ],
        "curies": [
            {
                "name": "wp",
                "href": "https:\/\/api.w.org\/{rel}",
                "templated": true
            }
        ]
    }
}