{
    "id": 5009,
    "date": "2024-04-10T12:50:43",
    "date_gmt": "2024-04-10T10:50:43",
    "guid": {
        "rendered": "https:\/\/repubblika.org\/?st-import=5714d8638f744bcd809735b5d3668de1"
    },
    "modified": "2024-04-10T12:50:43",
    "modified_gmt": "2024-04-10T10:50:43",
    "slug": "kelmtejn-mill-president",
    "status": "publish",
    "type": "post",
    "link": "https:\/\/repubblika.org\/en\/kelmtejn-mill-president\/",
    "title": {
        "rendered": "Kelmtejn mill-President"
    },
    "content": {
        "rendered": "<p class=\"wp-block-paragraph\">\u0126bieb,<\/p>\n\n\n\n<p class=\"wp-block-paragraph\">Insellmilkom u nirrangrazzjakom tas-sapport li tag\u0127tuna u li jimliena b\u2019kura\u0121\u0121 kbir.<\/p>\n\n\n\n<p class=\"wp-block-paragraph\">B\u0127al kull sena, Repubblika se tfakkar is-sitt xahar mill-anniversarju tal-mewt ta\u2019 Daphne billi t-Tlieta 16 ta\u2019 April ti\u0121i \u010b\u010belebrata quddiesa fis-6.00 ta\u2019 fil-g\u0127axija fil-knisja ta\u2019 San Fran\u0121isk, Triq ir-Repubblika, Valletta, u wara nin\u0121abru quddiem il-mafkar tag\u0127ha fa\u010b\u010bata tal-Qorti biex nisimg\u0127u diskorsi minn Caoilfhionn Gallagher,&nbsp; avukat spe\u010bjalizzata fil-kaw\u017ci tad-drittijiet tal-bniedem, Colm Regan, attivist u g\u0127alliem tad-drittijiet tal-bniedem, l-avukat Martina Farrugia, attivista f\u2019Occupy Justice, u jien b\u0127ala President ta\u2019 Repubblika.<\/p>\n\n\n\n<figure class=\\\"wp-block-image size-full\\\"><img src=\\\"https:\/\/repubblika.org\/wp-content\/uploads\/2024\/04\/Daphne-memorial.webp\\\" alt=\\\"\\\" class=\\\"wp-image-5215\\\"\/><\/figure>\n\n\n\n<p class=\"wp-block-paragraph\">Nag\u0127mel appell biex dawk kollha li jemmnu fis-sewwa jing\u0127aqdu mag\u0127na dakinhar fil-knisja jew quddiem il-mafkar tag\u0127ha \u0127alli nag\u0127tu sinjal ta\u2019 tama\u2019 lill-familjari ta\u2019 Daphne, u sinjal ta\u2019 determinazzjoni lill-awtoritajiet li a\u0127na m\u2019a\u0127na lesti naslu f\u2019ebda kompromess biex issir il-\u0121ustizzja li jixirqilha, u lanqas m\u2019a\u0127na se nieqfu qabel din titwettaq. Narawkom hemm! Ilkoll flimkien se naslu \u017cgur!<\/p>\n\n\n\n<p class=\"wp-block-paragraph\">Nie\u0127u din l-okkazjoni biex nirringrazzja lil Robert Aquilina tax-xog\u0127ol siewi li g\u0127amel u jkompli jwettaq f\u2019isem Repubblika fil-qrati biex il-\u0121ustizzja ssir.<\/p>\n\n\n\n<p class=\"wp-block-paragraph\">Se naslu!<\/p>\n\n\n\n<p class=\"wp-block-paragraph\">Vicki Ann Cremona<\/p>",
        "protected": false
    },
    "excerpt": {
        "rendered": "<p>\u0126bieb, Insellmilkom u nirrangrazzjakom tas-sapport li tag\u0127tuna u li jimliena b\u2019kura\u0121\u0121 kbir. B\u0127al kull sena, Repubblika se tfakkar is-sitt xahar mill-anniversarju tal-mewt ta\u2019 Daphne billi t-Tlieta 16 ta\u2019 April ti\u0121i \u010b\u010belebrata quddiesa fis-6.00 ta\u2019 fil-g\u0127axija fil-knisja ta\u2019 San Fran\u0121isk, Triq ir-Repubblika, Valletta, u wara nin\u0121abru quddiem il-mafkar tag\u0127ha fa\u010b\u010bata tal-Qorti biex nisimg\u0127u diskorsi minn Caoilfhionn [&hellip;]<\/p>",
        "protected": false
    },
    "author": 6,
    "featured_media": 8257,
    "comment_status": "closed",
    "ping_status": "open",
    "sticky": false,
    "template": "",
    "format": "standard",
    "meta": {
        "site-sidebar-layout": "default",
        "site-content-layout": "",
        "ast-site-content-layout": "default",
        "site-content-style": "default",
        "site-sidebar-style": "default",
        "ast-global-header-display": "",
        "ast-banner-title-visibility": "",
        "ast-main-header-display": "",
        "ast-hfb-above-header-display": "",
        "ast-hfb-below-header-display": "",
        "ast-hfb-mobile-header-display": "",
        "site-post-title": "",
        "ast-breadcrumbs-content": "",
        "ast-featured-img": "",
        "footer-sml-layout": "",
        "ast-disable-related-posts": "",
        "theme-transparent-header-meta": "",
        "adv-header-id-meta": "",
        "stick-header-meta": "",
        "header-above-stick-meta": "",
        "header-main-stick-meta": "",
        "header-below-stick-meta": "",
        "astra-migrate-meta-layouts": "default",
        "ast-page-background-enabled": "default",
        "ast-page-background-meta": {
            "desktop": {
                "background-color": "",
                "background-image": "",
                "background-repeat": "repeat",
                "background-position": "center center",
                "background-size": "auto",
                "background-attachment": "scroll",
                "background-type": "",
                "background-media": "",
                "overlay-type": "",
                "overlay-color": "",
                "overlay-opacity": "",
                "overlay-gradient": ""
            },
            "tablet": {
                "background-color": "",
                "background-image": "",
                "background-repeat": "repeat",
                "background-position": "center center",
                "background-size": "auto",
                "background-attachment": "scroll",
                "background-type": "",
                "background-media": "",
                "overlay-type": "",
                "overlay-color": "",
                "overlay-opacity": "",
                "overlay-gradient": ""
            },
            "mobile": {
                "background-color": "",
                "background-image": "",
                "background-repeat": "repeat",
                "background-position": "center center",
                "background-size": "auto",
                "background-attachment": "scroll",
                "background-type": "",
                "background-media": "",
                "overlay-type": "",
                "overlay-color": "",
                "overlay-opacity": "",
                "overlay-gradient": ""
            }
        },
        "ast-content-background-meta": {
            "desktop": {
                "background-color": "var(--ast-global-color-5)",
                "background-image": "",
                "background-repeat": "repeat",
                "background-position": "center center",
                "background-size": "auto",
                "background-attachment": "scroll",
                "background-type": "",
                "background-media": "",
                "overlay-type": "",
                "overlay-color": "",
                "overlay-opacity": "",
                "overlay-gradient": ""
            },
            "tablet": {
                "background-color": "var(--ast-global-color-5)",
                "background-image": "",
                "background-repeat": "repeat",
                "background-position": "center center",
                "background-size": "auto",
                "background-attachment": "scroll",
                "background-type": "",
                "background-media": "",
                "overlay-type": "",
                "overlay-color": "",
                "overlay-opacity": "",
                "overlay-gradient": ""
            },
            "mobile": {
                "background-color": "var(--ast-global-color-5)",
                "background-image": "",
                "background-repeat": "repeat",
                "background-position": "center center",
                "background-size": "auto",
                "background-attachment": "scroll",
                "background-type": "",
                "background-media": "",
                "overlay-type": "",
                "overlay-color": "",
                "overlay-opacity": "",
                "overlay-gradient": ""
            }
        },
        "footnotes": ""
    },
    "categories": [
        1
    ],
    "tags": [],
    "class_list": [
        "post-5009",
        "post",
        "type-post",
        "status-publish",
        "format-standard",
        "has-post-thumbnail",
        "hentry",
        "category-uncategorized"
    ],
    "_links": {
        "self": [
            {
                "href": "https:\/\/repubblika.org\/en\/wp-json\/wp\/v2\/posts\/5009",
                "targetHints": {
                    "allow": [
                        "GET"
                    ]
                }
            }
        ],
        "collection": [
            {
                "href": "https:\/\/repubblika.org\/en\/wp-json\/wp\/v2\/posts"
            }
        ],
        "about": [
            {
                "href": "https:\/\/repubblika.org\/en\/wp-json\/wp\/v2\/types\/post"
            }
        ],
        "author": [
            {
                "embeddable": true,
                "href": "https:\/\/repubblika.org\/en\/wp-json\/wp\/v2\/users\/6"
            }
        ],
        "replies": [
            {
                "embeddable": true,
                "href": "https:\/\/repubblika.org\/en\/wp-json\/wp\/v2\/comments?post=5009"
            }
        ],
        "version-history": [
            {
                "count": 0,
                "href": "https:\/\/repubblika.org\/en\/wp-json\/wp\/v2\/posts\/5009\/revisions"
            }
        ],
        "wp:featuredmedia": [
            {
                "embeddable": true,
                "href": "https:\/\/repubblika.org\/en\/wp-json\/wp\/v2\/media\/8257"
            }
        ],
        "wp:attachment": [
            {
                "href": "https:\/\/repubblika.org\/en\/wp-json\/wp\/v2\/media?parent=5009"
            }
        ],
        "wp:term": [
            {
                "taxonomy": "category",
                "embeddable": true,
                "href": "https:\/\/repubblika.org\/en\/wp-json\/wp\/v2\/categories?post=5009"
            },
            {
                "taxonomy": "post_tag",
                "embeddable": true,
                "href": "https:\/\/repubblika.org\/en\/wp-json\/wp\/v2\/tags?post=5009"
            }
        ],
        "curies": [
            {
                "name": "wp",
                "href": "https:\/\/api.w.org\/{rel}",
                "templated": true
            }
        ]
    }
}